{"id":11204,"date":"2024-12-10T22:18:34","date_gmt":"2024-12-10T21:18:34","guid":{"rendered":"https:\/\/entretormentas.com\/?p=11204"},"modified":"2024-12-10T22:18:34","modified_gmt":"2024-12-10T21:18:34","slug":"canto-ciudadano-imgra-estrenara-gaita-institucional-de-renato-aguirre-gonzalez-el-proximo-12-d","status":"publish","type":"post","link":"https:\/\/entretormentas.com\/canto-ciudadano-imgra-estrenara-gaita-institucional-de-renato-aguirre-gonzalez-el-proximo-12-d\/","title":{"rendered":"\u00a1CANTO CIUDADANO! IMGRA estrenar\u00e1 gaita institucional de Renato Aguirre Gonz\u00e1lez el pr\u00f3ximo 12-D"},"content":{"rendered":"\n<p><strong>ENTRE TORMENTAS.<\/strong> Por primera vez en m\u00e1s de 50 a\u00f1os, el Instituto Municipal de la Gaita Ricardo Aguirre (IMGRA) de la Alcald\u00eda de Maracaibo contar\u00e1 con una gaita institucional, un regalo y obra in\u00e9dita del \u201cPoeta Diamantino\u201d, Renato Aguirre Gonz\u00e1lez, llamado \u201cCanto Ciudadano\u201d y que se estrenar\u00e1 este pr\u00f3ximo jueves 12 de diciembre en todas las plataformas de streaming musical.<\/p>\n\n\n\n<p>La pieza musical fue grabada por los ni\u00f1os y j\u00f3venes que conforman el Ensamble Infantil Juvenil IMGRA en representaci\u00f3n de las m\u00e1s de 70 escuelas de gaita instauradas en Maracaibo.<\/p>\n\n\n\n<p>\u201cCanto Ciudadano\u201d describe la labor sociocultural del Instituto a trav\u00e9s del programa de las Escuelas municipales de la gaita elevando el talento e identidad de los ni\u00f1os, ni\u00f1as y adolescentes marabinos que conforman los espacios de ense\u00f1anza y aprendizaje del g\u00e9nero en la ciudad.<\/p>\n\n\n\n<figure class=\"wp-block-image size-large\"><img fetchpriority=\"high\" decoding=\"async\" width=\"1024\" height=\"576\" src=\"https:\/\/entretormentas.com\/wp-content\/uploads\/2024\/12\/image-224-1024x576.png\" alt=\"\" class=\"wp-image-11206\" srcset=\"https:\/\/entretormentas.com\/wp-content\/uploads\/2024\/12\/image-224-1024x576.png 1024w, https:\/\/entretormentas.com\/wp-content\/uploads\/2024\/12\/image-224-300x169.png 300w, https:\/\/entretormentas.com\/wp-content\/uploads\/2024\/12\/image-224-768x432.png 768w, https:\/\/entretormentas.com\/wp-content\/uploads\/2024\/12\/image-224.png 1280w\" sizes=\"(max-width: 1024px) 100vw, 1024px\" \/><\/figure>\n\n\n\n<p>\u201cNuestros ni\u00f1os y j\u00f3venes reciben este regalo musical de Dios a trav\u00e9s de la inspiraci\u00f3n de Renato Aguirre Gonz\u00e1lez, narrando la esencia de nuestras escuelas de gaita, que son el motor y coraz\u00f3n de la instituci\u00f3n. Nos emociona porque esta gaita es el canto, que, por primera vez, identificar\u00e1 al IMGRA, una gaita que encierra de forma espiritual y po\u00e9tica lo que se desarrolla en los espacios a los que hemos llegado\u201d, expres\u00f3 la presidenta del IMGRA, Johanna Salas.<\/p>\n\n\n\n<p>La producci\u00f3n y los arreglos musicales del tema estuvieron a cargo de Humberto Bracho, Jos\u00e9 Leonardo Linares y Daniel Pineda. El lanzamiento oficial se har\u00e1 a las 5:00 de la tarde de este jueves 12 de diciembre con un videoclip oficial.<\/p>\n\n\n\n<p>El IMGRA prev\u00e9 que la gaita se convierta en el himno de la Instituci\u00f3n, engalanando las muestras musicales y presentaciones de las escuelas de gaita dentro de su repertorio.<br><strong><em>ET \/ DCI Alcald\u00eda de Maracaibo<\/em><\/strong><\/p>\n\n\n\n<p><\/p>\n","protected":false},"excerpt":{"rendered":"<p>ENTRE TORMENTAS. Por primera vez en m\u00e1s de 50 a\u00f1os, el Instituto Municipal de la&#8230;<\/p>\n","protected":false},"author":2,"featured_media":11205,"comment_status":"closed","ping_status":"open","sticky":false,"template":"","format":"standard","meta":{"footnotes":""},"categories":[1],"tags":[],"class_list":["post-11204","post","type-post","status-publish","format-standard","has-post-thumbnail","hentry","category-regionales"],"_links":{"self":[{"href":"https:\/\/entretormentas.com\/index.php?rest_route=\/wp\/v2\/posts\/11204","targetHints":{"allow":["GET"]}}],"collection":[{"href":"https:\/\/entretormentas.com\/index.php?rest_route=\/wp\/v2\/posts"}],"about":[{"href":"https:\/\/entretormentas.com\/index.php?rest_route=\/wp\/v2\/types\/post"}],"author":[{"embeddable":true,"href":"https:\/\/entretormentas.com\/index.php?rest_route=\/wp\/v2\/users\/2"}],"replies":[{"embeddable":true,"href":"https:\/\/entretormentas.com\/index.php?rest_route=%2Fwp%2Fv2%2Fcomments&post=11204"}],"version-history":[{"count":1,"href":"https:\/\/entretormentas.com\/index.php?rest_route=\/wp\/v2\/posts\/11204\/revisions"}],"predecessor-version":[{"id":11207,"href":"https:\/\/entretormentas.com\/index.php?rest_route=\/wp\/v2\/posts\/11204\/revisions\/11207"}],"wp:featuredmedia":[{"embeddable":true,"href":"https:\/\/entretormentas.com\/index.php?rest_route=\/wp\/v2\/media\/11205"}],"wp:attachment":[{"href":"https:\/\/entretormentas.com\/index.php?rest_route=%2Fwp%2Fv2%2Fmedia&parent=11204"}],"wp:term":[{"taxonomy":"category","embeddable":true,"href":"https:\/\/entretormentas.com\/index.php?rest_route=%2Fwp%2Fv2%2Fcategories&post=11204"},{"taxonomy":"post_tag","embeddable":true,"href":"https:\/\/entretormentas.com\/index.php?rest_route=%2Fwp%2Fv2%2Ftags&post=11204"}],"curies":[{"name":"wp","href":"https:\/\/api.w.org\/{rel}","templated":true}]}}