{"id":11226,"date":"2024-12-11T08:08:14","date_gmt":"2024-12-11T07:08:14","guid":{"rendered":"https:\/\/entretormentas.com\/?p=11226"},"modified":"2024-12-11T08:08:14","modified_gmt":"2024-12-11T07:08:14","slug":"segun-gaceta-oficial-establecen-tabuladores-con-el-ajuste-del-pasaje-en-san-francisco","status":"publish","type":"post","link":"https:\/\/entretormentas.com\/segun-gaceta-oficial-establecen-tabuladores-con-el-ajuste-del-pasaje-en-san-francisco\/","title":{"rendered":"\u00a1SEG\u00daN GACETA OFICIAL! Establecen tabuladores con el ajuste del pasaje en San Francisco"},"content":{"rendered":"\n<p><strong>ENTRE TORMENTAS. <\/strong>En un esfuerzo por regularizar y mejorar el servicio de transporte en el municipio, el sector transporte junto con el gobierno municipal ha acordado nuevos tabuladores para el cobro de pasajes. A partir de este martes, las unidades de transporte p\u00fablico en San Francisco mostrar\u00e1n los nuevos montos establecidos para los pasajes, que reflejan un ajuste en las tarifas, en concordancia con el Fondo Nacional de Transporte Urbano, Fontur.<\/p>\n\n\n\n<p>En una reuni\u00f3n con el alcalde Gustavo Fern\u00e1ndez, se lleg\u00f3 a un acuerdo para establecer el pasaje del transporte para las 35 l\u00edneas del transporte p\u00fablico que hacen vida en el municipio San Francisco, que hacen posible m\u00e1s de dos mil 474 transportistas. El acuerdo establece el ajuste del pasaje quedando para las vanes, buses y microbuses en 20 bol\u00edvares el pasaje corto y 30 el largo, mientras que para los carros por puestos en 30 bol\u00edvares el corto y 50 en el caso de las rutas extraurbanas, las que llegan al centro, en el municipio Maracaibo, entre estas solo cuatro rutas: San Francisco, Colectivo Los Cortijos, Polar &#8211; Centro y Polar- Los Cactus.<\/p>\n\n\n\n<figure class=\"wp-block-image size-large\"><img fetchpriority=\"high\" decoding=\"async\" width=\"1024\" height=\"671\" src=\"https:\/\/entretormentas.com\/wp-content\/uploads\/2024\/12\/image-236-1024x671.png\" alt=\"\" class=\"wp-image-11228\" srcset=\"https:\/\/entretormentas.com\/wp-content\/uploads\/2024\/12\/image-236-1024x671.png 1024w, https:\/\/entretormentas.com\/wp-content\/uploads\/2024\/12\/image-236-300x197.png 300w, https:\/\/entretormentas.com\/wp-content\/uploads\/2024\/12\/image-236-768x503.png 768w, https:\/\/entretormentas.com\/wp-content\/uploads\/2024\/12\/image-236.png 1280w\" sizes=\"(max-width: 1024px) 100vw, 1024px\" \/><\/figure>\n\n\n\n<p>Richard Monsalve, presidente del Instituto Publico Municipal de Transporte, Tr\u00e1nsito y Circulaci\u00f3n del municipio San Francisco, inform\u00f3 a la salida de la reuni\u00f3n, que \u201crecibimos la propuesta de los transportistas, de un aumento que est\u00e1 expresado en la Gaceta del Gobierno Nacional, donde presentan, la propuesta de un pasaje justo, que fue llevada a discusi\u00f3n y aprobamos, estableciendo un pasaje m\u00ednimo y uno m\u00e1ximo, en las unidades que hacen vida en el municipio\u201d.<\/p>\n\n\n\n<p>En la reuni\u00f3n participaron representantes de la Central \u00danica del Transporte del Zulia, del Colectivo Nacional Socialista del Transporte, del Gremio del Transporte Bolivariano Nacional y del Bloque de transportistas del Sur, se firmaron y sellaron los tabuladores que las unidades del transporte deben desde este martes 10 de diciembre, mostrar en un lugar visible con los nuevos precios del pasaje.<\/p>\n\n\n\n<p>Erasmo Alian, presidente de la Central \u00danica del Transporte del estado Zulia, explic\u00f3 que \u201cel aumento est\u00e1 ajustado a la Ley y a la Gaceta Oficial emitida por la vicepresidencia de la Rep\u00fablica Bolivariana de Venezuela, y sale de una propuesta que hicimos, los cuatro gremios de transporte a la Direcci\u00f3n de Transporte y cuenta con la aprobaci\u00f3n del alcalde Gustavo Fern\u00e1ndez\u201d.<\/p>\n\n\n\n<p>Sobre los tabuladores con el pasaje, Leal refiri\u00f3 que, \u201clos vamos a poner en lugar visible de las unidades, respetando al usuario, para que se le cobre lo que est\u00e1 establecido.\u201d De igual manera se\u00f1al\u00f3 que este acuerdo \u201csirve de ejemplo para otros municipios del Estado, para las otras l\u00edneas, vamos a llevar esta inquietud para se ajusten a la Gaceta Oficial\u201d.<\/p>\n\n\n\n<figure class=\"wp-block-image size-large\"><img decoding=\"async\" width=\"1024\" height=\"666\" src=\"https:\/\/entretormentas.com\/wp-content\/uploads\/2024\/12\/image-235-1024x666.png\" alt=\"\" class=\"wp-image-11227\" srcset=\"https:\/\/entretormentas.com\/wp-content\/uploads\/2024\/12\/image-235-1024x666.png 1024w, https:\/\/entretormentas.com\/wp-content\/uploads\/2024\/12\/image-235-300x195.png 300w, https:\/\/entretormentas.com\/wp-content\/uploads\/2024\/12\/image-235-768x500.png 768w, https:\/\/entretormentas.com\/wp-content\/uploads\/2024\/12\/image-235.png 1280w\" sizes=\"(max-width: 1024px) 100vw, 1024px\" \/><\/figure>\n\n\n\n<p>Carlos Beltr\u00e1n presidente del Gremio Nacional Bolivariano del Transporte, agreg\u00f3 que el acuerdo del pasaje en San Francisco, \u201cno est\u00e1 fuera de contexto, sino dentro de lo estipulado por la ley. Un pasaje acorde al usuario y a lo que el transportista necesita para subsistir y que se da en acuerdo con la municipalidad. El alcalde nos ha tratado con mucho respeto, en un amigo del sector transporte\u201d.<\/p>\n\n\n\n<p>Mily Lobo, del Colectivo Nacional Socialista del Transporte, indic\u00f3 que \u201cdesde el 2018, no se establec\u00eda un acuerdo con los transportistas sobre el precio del pasaje, y hoy se establece un tabular, donde se aprecia, lo que se debe cancelar por un pasaje ajustado a la Gaceta Nacional, gracias al apoyo del alcalde Gustavo Fern\u00e1ndez. Mientras que Rub\u00e9n Sempr\u00fan, presidente de la l\u00ednea Fundabarrios, representante del Bloque Sur, agradeciendo la receptividad por parte del alcalde Gustavo Fern\u00e1ndez, manifest\u00f3 sobre el ajuste del pasaje que \u201cpor medio del esfuerzo de los gremios, llegamos a un acuerdo satisfactorio, con tabuladores, para evitar conflictos, con pasajeros y autoridades\u201d.<br><strong>ET \/ Alcald\u00eda de San Francisco<\/strong><\/p>\n\n\n\n<p><\/p>\n","protected":false},"excerpt":{"rendered":"<p>ENTRE TORMENTAS. En un esfuerzo por regularizar y mejorar el servicio de transporte en el&#8230;<\/p>\n","protected":false},"author":2,"featured_media":11229,"comment_status":"closed","ping_status":"open","sticky":false,"template":"","format":"standard","meta":{"footnotes":""},"categories":[57,1],"tags":[],"class_list":["post-11226","post","type-post","status-publish","format-standard","has-post-thumbnail","hentry","category-actualidad","category-regionales"],"_links":{"self":[{"href":"https:\/\/entretormentas.com\/index.php?rest_route=\/wp\/v2\/posts\/11226","targetHints":{"allow":["GET"]}}],"collection":[{"href":"https:\/\/entretormentas.com\/index.php?rest_route=\/wp\/v2\/posts"}],"about":[{"href":"https:\/\/entretormentas.com\/index.php?rest_route=\/wp\/v2\/types\/post"}],"author":[{"embeddable":true,"href":"https:\/\/entretormentas.com\/index.php?rest_route=\/wp\/v2\/users\/2"}],"replies":[{"embeddable":true,"href":"https:\/\/entretormentas.com\/index.php?rest_route=%2Fwp%2Fv2%2Fcomments&post=11226"}],"version-history":[{"count":1,"href":"https:\/\/entretormentas.com\/index.php?rest_route=\/wp\/v2\/posts\/11226\/revisions"}],"predecessor-version":[{"id":11230,"href":"https:\/\/entretormentas.com\/index.php?rest_route=\/wp\/v2\/posts\/11226\/revisions\/11230"}],"wp:featuredmedia":[{"embeddable":true,"href":"https:\/\/entretormentas.com\/index.php?rest_route=\/wp\/v2\/media\/11229"}],"wp:attachment":[{"href":"https:\/\/entretormentas.com\/index.php?rest_route=%2Fwp%2Fv2%2Fmedia&parent=11226"}],"wp:term":[{"taxonomy":"category","embeddable":true,"href":"https:\/\/entretormentas.com\/index.php?rest_route=%2Fwp%2Fv2%2Fcategories&post=11226"},{"taxonomy":"post_tag","embeddable":true,"href":"https:\/\/entretormentas.com\/index.php?rest_route=%2Fwp%2Fv2%2Ftags&post=11226"}],"curies":[{"name":"wp","href":"https:\/\/api.w.org\/{rel}","templated":true}]}}