{"id":11231,"date":"2024-12-11T08:10:38","date_gmt":"2024-12-11T07:10:38","guid":{"rendered":"https:\/\/entretormentas.com\/?p=11231"},"modified":"2024-12-11T08:10:38","modified_gmt":"2024-12-11T07:10:38","slug":"sin-complicaciones-lula-es-operado-de-una-hemorragia-intracraneal-y-se-recupera-en-la-uci","status":"publish","type":"post","link":"https:\/\/entretormentas.com\/sin-complicaciones-lula-es-operado-de-una-hemorragia-intracraneal-y-se-recupera-en-la-uci\/","title":{"rendered":"\u00a1SIN COMPLICACIONES! Lula es operado de una hemorragia intracraneal y se recupera en la UCI"},"content":{"rendered":"\n<p><strong>ENTRE TORMENTAS. <\/strong>El presidente de Brasil, Luiz In\u00e1cio Lula da Silva, fue sometido a una intervenci\u00f3n quir\u00fargica para drenar una hemorragia intracraneal derivada de la ca\u00edda que sufri\u00f3 el pasado 19 de octubre, inform\u00f3 este martes el centro m\u00e9dico.<\/p>\n\n\n\n<p>La cirug\u00eda se desarroll\u00f3 \u00absin problemas\u00bb y Lula se encuentra \u00abbien\u00bb en la unidad de cuidados intensivos del Hospital S\u00edrio-Liban\u00e9s, en S\u00e3o Paulo, seg\u00fan el bolet\u00edn divulgado en las redes sociales del mandatario.<\/p>\n\n\n\n<p>El l\u00edder progresista brasile\u00f1o, de 79 a\u00f1os, acudi\u00f3 la noche del lunes a un centro m\u00e9dico en Brasilia por \u00abun dolor de cabeza\u00bb y, tras realizarle una resonancia magn\u00e9tica, le fue detectada \u00abuna hemorragia intracraneal\u00bb.<\/p>\n\n\n\n<p>El jefe de Estado fue entonces trasladado de urgencia a la ciudad de S\u00e3o Paulo, donde pas\u00f3 por el quir\u00f3fano para drenarle el hematoma detectado en la cabeza.<\/p>\n\n\n\n<p>\u00abLa cirug\u00eda transcurri\u00f3 sin problemas y, en este momento, el presidente se encuentra bien, bajo monitoreo, en una cama de cuidados intensivos\u00bb, se\u00f1al\u00f3 el centro m\u00e9dico.<\/p>\n\n\n\n<p>El hospital inform\u00f3 que en la ma\u00f1ana de este martes realizar\u00e1 una rueda de prensa con los m\u00e9dicos responsables para actualizar el cuadro de salud de Lula.<\/p>\n\n\n\n<p>El bolet\u00edn especifica que la hemorragia es reflejo de la ca\u00edda que sufri\u00f3 el pasado 19 de octubre en el Palacio de la Alvorada, residencia oficial de la Presidencia brasile\u00f1a, en Brasilia, y por la que hubo que darle cinco puntos de sutura en la nuca.<\/p>\n\n\n\n<p>Durante las siguientes semanas pas\u00f3 por diversas revisiones sin mayores problemas, aunque los m\u00e9dicos le impidieron viajar en avi\u00f3n durante un tiempo por precauci\u00f3n.<\/p>\n\n\n\n<p>De hecho, tuvo que cancelar su viaje a Rusia, a finales de octubre, para participar en la cumbre del grupo de los BRICS. Una vez recibi\u00f3 el alta, retom\u00f3 sus viajes con normalidad.<\/p>\n\n\n\n<p>Lula, en el poder desde el 1 de enero de 2023, viene de una intensa agenda de trabajo en noviembre y los primeros d\u00edas de diciembre, despu\u00e9s de ser el anfitri\u00f3n en R\u00edo de Janeiro de la cumbre de l\u00edderes del G20 y viajar a Montevideo para la reuni\u00f3n semestral de presidentes del Mercosur.<br><strong><em>ET \/ EFE<\/em><\/strong><\/p>\n","protected":false},"excerpt":{"rendered":"<p>ENTRE TORMENTAS. El presidente de Brasil, Luiz In\u00e1cio Lula da Silva, fue sometido a una&#8230;<\/p>\n","protected":false},"author":2,"featured_media":11232,"comment_status":"closed","ping_status":"open","sticky":false,"template":"","format":"standard","meta":{"footnotes":""},"categories":[56,48],"tags":[],"class_list":["post-11231","post","type-post","status-publish","format-standard","has-post-thumbnail","hentry","category-destacadas","category-internacionales"],"_links":{"self":[{"href":"https:\/\/entretormentas.com\/index.php?rest_route=\/wp\/v2\/posts\/11231","targetHints":{"allow":["GET"]}}],"collection":[{"href":"https:\/\/entretormentas.com\/index.php?rest_route=\/wp\/v2\/posts"}],"about":[{"href":"https:\/\/entretormentas.com\/index.php?rest_route=\/wp\/v2\/types\/post"}],"author":[{"embeddable":true,"href":"https:\/\/entretormentas.com\/index.php?rest_route=\/wp\/v2\/users\/2"}],"replies":[{"embeddable":true,"href":"https:\/\/entretormentas.com\/index.php?rest_route=%2Fwp%2Fv2%2Fcomments&post=11231"}],"version-history":[{"count":1,"href":"https:\/\/entretormentas.com\/index.php?rest_route=\/wp\/v2\/posts\/11231\/revisions"}],"predecessor-version":[{"id":11233,"href":"https:\/\/entretormentas.com\/index.php?rest_route=\/wp\/v2\/posts\/11231\/revisions\/11233"}],"wp:featuredmedia":[{"embeddable":true,"href":"https:\/\/entretormentas.com\/index.php?rest_route=\/wp\/v2\/media\/11232"}],"wp:attachment":[{"href":"https:\/\/entretormentas.com\/index.php?rest_route=%2Fwp%2Fv2%2Fmedia&parent=11231"}],"wp:term":[{"taxonomy":"category","embeddable":true,"href":"https:\/\/entretormentas.com\/index.php?rest_route=%2Fwp%2Fv2%2Fcategories&post=11231"},{"taxonomy":"post_tag","embeddable":true,"href":"https:\/\/entretormentas.com\/index.php?rest_route=%2Fwp%2Fv2%2Ftags&post=11231"}],"curies":[{"name":"wp","href":"https:\/\/api.w.org\/{rel}","templated":true}]}}