{"id":11234,"date":"2024-12-11T08:13:12","date_gmt":"2024-12-11T07:13:12","guid":{"rendered":"https:\/\/entretormentas.com\/?p=11234"},"modified":"2024-12-11T08:13:13","modified_gmt":"2024-12-11T07:13:13","slug":"ratificacion-edmundo-gonzalez-mantiene-que-volvera-a-venezuela-para-una-transicion-ordenada-y-concertada","status":"publish","type":"post","link":"https:\/\/entretormentas.com\/ratificacion-edmundo-gonzalez-mantiene-que-volvera-a-venezuela-para-una-transicion-ordenada-y-concertada\/","title":{"rendered":"\u00a1RATIFICACI\u00d3N! Edmundo Gonz\u00e1lez mantiene que volver\u00e1 a Venezuela para una \u00abtransici\u00f3n ordenada y concertada"},"content":{"rendered":"\n<p><strong>ENTRE TORMENTAS. <\/strong>Edmundo Gonz\u00e1lez Urrutia mantiene que volver\u00e1 a Venezuela para tomar posesi\u00f3n del cargo presidencial en enero y expres\u00f3 su voluntad de facilitar una transici\u00f3n \u00abordenada y concertada\u00bb, tras las elecciones presidenciales del pasado 28 de julio.<\/p>\n\n\n\n<p>\u00abNuestra mano sigue tendida, dispuesta a facilitar una transici\u00f3n ordenada y concertada\u00bb, afirm\u00f3 en el evento denominado \u2018El reto de la liberaci\u00f3n de Venezuela\u2019, celebrado en Madrid.<\/p>\n\n\n\n<p>Insisti\u00f3 en que con la presi\u00f3n democr\u00e1tica y diplom\u00e1tica se podr\u00e1 concretar el cambio que se quiere en el pa\u00eds.<\/p>\n\n\n\n<p>\u00abEso es habitual en gobiernos de facto (no querer dejar el poder) y tambi\u00e9n es habitual que terminen abandonando el poder a trav\u00e9s de situaciones relativamente desesperadas o poco convencionales\u2026 Requerimos apoyo de las democracias. Venezuela clama por la libertad, la justicia y la democracia\u00bb, dijo Edmundo Gonz\u00e1lez.<\/p>\n\n\n\n<p>El opositor ya ha expuesto que no asumir\u00e1 desde el exilio, sino que regresar\u00e1 al pa\u00eds para asumir, tambi\u00e9n anunci\u00f3 que Mar\u00eda Corina Machado ser\u00e1 su vicepresidenta.<br><strong><em>ET \/ El Nacional<\/em><\/strong><\/p>\n","protected":false},"excerpt":{"rendered":"<p>ENTRE TORMENTAS. Edmundo Gonz\u00e1lez Urrutia mantiene que volver\u00e1 a Venezuela para tomar posesi\u00f3n del cargo&#8230;<\/p>\n","protected":false},"author":2,"featured_media":11235,"comment_status":"closed","ping_status":"open","sticky":false,"template":"","format":"standard","meta":{"footnotes":""},"categories":[56,48],"tags":[],"class_list":["post-11234","post","type-post","status-publish","format-standard","has-post-thumbnail","hentry","category-destacadas","category-internacionales"],"_links":{"self":[{"href":"https:\/\/entretormentas.com\/index.php?rest_route=\/wp\/v2\/posts\/11234","targetHints":{"allow":["GET"]}}],"collection":[{"href":"https:\/\/entretormentas.com\/index.php?rest_route=\/wp\/v2\/posts"}],"about":[{"href":"https:\/\/entretormentas.com\/index.php?rest_route=\/wp\/v2\/types\/post"}],"author":[{"embeddable":true,"href":"https:\/\/entretormentas.com\/index.php?rest_route=\/wp\/v2\/users\/2"}],"replies":[{"embeddable":true,"href":"https:\/\/entretormentas.com\/index.php?rest_route=%2Fwp%2Fv2%2Fcomments&post=11234"}],"version-history":[{"count":1,"href":"https:\/\/entretormentas.com\/index.php?rest_route=\/wp\/v2\/posts\/11234\/revisions"}],"predecessor-version":[{"id":11236,"href":"https:\/\/entretormentas.com\/index.php?rest_route=\/wp\/v2\/posts\/11234\/revisions\/11236"}],"wp:featuredmedia":[{"embeddable":true,"href":"https:\/\/entretormentas.com\/index.php?rest_route=\/wp\/v2\/media\/11235"}],"wp:attachment":[{"href":"https:\/\/entretormentas.com\/index.php?rest_route=%2Fwp%2Fv2%2Fmedia&parent=11234"}],"wp:term":[{"taxonomy":"category","embeddable":true,"href":"https:\/\/entretormentas.com\/index.php?rest_route=%2Fwp%2Fv2%2Fcategories&post=11234"},{"taxonomy":"post_tag","embeddable":true,"href":"https:\/\/entretormentas.com\/index.php?rest_route=%2Fwp%2Fv2%2Ftags&post=11234"}],"curies":[{"name":"wp","href":"https:\/\/api.w.org\/{rel}","templated":true}]}}