{"id":11242,"date":"2024-12-11T08:24:30","date_gmt":"2024-12-11T07:24:30","guid":{"rendered":"https:\/\/entretormentas.com\/?p=11242"},"modified":"2024-12-11T08:24:30","modified_gmt":"2024-12-11T07:24:30","slug":"marcha-de-santa-ines-maduro-afirma-que-el-tiempo-de-la-traicion-se-acabo-y-que-es-hora-de-lealtad-y-combate","status":"publish","type":"post","link":"https:\/\/entretormentas.com\/marcha-de-santa-ines-maduro-afirma-que-el-tiempo-de-la-traicion-se-acabo-y-que-es-hora-de-lealtad-y-combate\/","title":{"rendered":"\u00a1MARCHA DE SANTA IN\u00c9S! Maduro afirma que el tiempo de la traici\u00f3n se acab\u00f3 y que \u00abes hora de lealtad y combate\u00bb"},"content":{"rendered":"\n<p><strong>ENTRE TORMENTAS. <\/strong>El presidente Nicol\u00e1s Maduro recibi\u00f3 este martes en Miraflores, a la Gran Marcha con motivo del 165\u00ba Aniversario de la Batalla de Santa In\u00e9s. All\u00ed enfatiz\u00f3 que al pa\u00eds lleg\u00f3 el tiempo de la lealtad y el combate, resaltando que \u00abel tiempo de la traici\u00f3n se acab\u00f3\u00bb.<\/p>\n\n\n\n<p>En ese sentido, destac\u00f3 que a partir del primer mandato de Hugo Ch\u00e1vez se acab\u00f3 la traici\u00f3n en el pa\u00eds. Se refiri\u00f3 en forma resumida a diferentes casos de la historia venezolana en que se impuso la traici\u00f3n resaltando las ideas de Sim\u00f3n Bol\u00edvar y Ezequiel Zamora.<\/p>\n\n\n\n<p>\u00abVamos en lealtad con los proyectos originales de Bol\u00edvar y Zamora. Lo juramos y as\u00ed lo hemos cumplido\u00bb, asegur\u00f3 al ratificar que la Batalla de Santa In\u00e9s fue la victoria contra la oligarqu\u00eda.<\/p>\n\n\n\n<p>Para el jefe de Estado es importante mantener la m\u00e1xima encomendada por Ch\u00e1vez: \u00abJam\u00e1s creer en la palabra de los enemigos de Venezuela, jam\u00e1s abandonar el consejo del pueblo y de preparar al pueblo siempre, para cualquier escenario\u00bb.<\/p>\n\n\n\n<p>El presidente, igualmente, resalt\u00f3 que las oligarqu\u00edas y los imperios han subestimado a los pueblos. Record\u00f3 que fue el pueblo quien dio el t\u00edtulo de \u00abGeneral del Pueblo Soberano\u00bb a Ezequiel Zamora, en reconocimiento a su valent\u00eda.<\/p>\n\n\n\n<figure class=\"wp-block-image size-full\"><img fetchpriority=\"high\" decoding=\"async\" width=\"900\" height=\"507\" src=\"https:\/\/entretormentas.com\/wp-content\/uploads\/2024\/12\/image-244.png\" alt=\"\" class=\"wp-image-11244\" srcset=\"https:\/\/entretormentas.com\/wp-content\/uploads\/2024\/12\/image-244.png 900w, https:\/\/entretormentas.com\/wp-content\/uploads\/2024\/12\/image-244-300x169.png 300w, https:\/\/entretormentas.com\/wp-content\/uploads\/2024\/12\/image-244-768x433.png 768w\" sizes=\"(max-width: 900px) 100vw, 900px\" \/><\/figure>\n\n\n\n<p><strong>ESFUERZO PROPIO<\/strong><br>En otro orden de ideas, manifest\u00f3 que la recuperaci\u00f3n del pa\u00eds se ha logrado con esfuerzo propio. \u00abCon lo que tenemos\u00bb, dijo en referencia a las limitaciones que pretenden poner las sanciones de EEUU.<\/p>\n\n\n\n<p>\u00abHemos recuperado al pa\u00eds con esfuerzo propio, para que crezca la riqueza\u00bb de Venezuela, expres\u00f3 el presidente Maduro.<\/p>\n\n\n\n<p>Cit\u00f3 a Artigas: \u201cNo esperemos nada, sino de nosotros mismos. Seamos libres y soberanos y lo dem\u00e1s no importa, sigamos nuestro propio camino\u201d.<\/p>\n\n\n\n<p>Asimismo, advirti\u00f3 nuevamente a los \u201cenemigos de Venezuela\u201d que no se equivoquen que as\u00ed como fueron derrotados en Ayacucho y Santa In\u00e9s ser\u00e1n derrotados en el siglo XXI. \u201cAqu\u00ed lo que habr\u00e1 es paz, paz y paz\u201d.<\/p>\n\n\n\n<p>Resalt\u00f3 que hay 100 % de abastecimiento alimenticio en el pa\u00eds. \u201cPaso a paso echamos las bases para una nueva econom\u00eda.\u00bb<\/p>\n\n\n\n<p>En el marco de las amenazas contra Venezuela aprob\u00f3 los recursos para la siembra de ma\u00edz, frijol, yuca, hortalizas, pl\u00e1tanos, papas y \u00f1ame.<\/p>\n\n\n\n<p>Igualmente, asegur\u00f3 que se potenciar\u00e1 la producci\u00f3n de prote\u00edna animal: pollo, porcinos, sardinas, piscicultura. Solicit\u00f3 al Instituto Nacional de Tierras (INT) que \u201cse ponga pilas\u201d en asesor\u00eda a los productores del campo.<br><strong><em>ET \/ Agencias<\/em><\/strong><\/p>\n\n\n\n<p><\/p>\n","protected":false},"excerpt":{"rendered":"<p>ENTRE TORMENTAS. El presidente Nicol\u00e1s Maduro recibi\u00f3 este martes en Miraflores, a la Gran Marcha&#8230;<\/p>\n","protected":false},"author":2,"featured_media":11243,"comment_status":"closed","ping_status":"open","sticky":false,"template":"","format":"standard","meta":{"footnotes":""},"categories":[56,49],"tags":[],"class_list":["post-11242","post","type-post","status-publish","format-standard","has-post-thumbnail","hentry","category-destacadas","category-nacionales"],"_links":{"self":[{"href":"https:\/\/entretormentas.com\/index.php?rest_route=\/wp\/v2\/posts\/11242","targetHints":{"allow":["GET"]}}],"collection":[{"href":"https:\/\/entretormentas.com\/index.php?rest_route=\/wp\/v2\/posts"}],"about":[{"href":"https:\/\/entretormentas.com\/index.php?rest_route=\/wp\/v2\/types\/post"}],"author":[{"embeddable":true,"href":"https:\/\/entretormentas.com\/index.php?rest_route=\/wp\/v2\/users\/2"}],"replies":[{"embeddable":true,"href":"https:\/\/entretormentas.com\/index.php?rest_route=%2Fwp%2Fv2%2Fcomments&post=11242"}],"version-history":[{"count":1,"href":"https:\/\/entretormentas.com\/index.php?rest_route=\/wp\/v2\/posts\/11242\/revisions"}],"predecessor-version":[{"id":11245,"href":"https:\/\/entretormentas.com\/index.php?rest_route=\/wp\/v2\/posts\/11242\/revisions\/11245"}],"wp:featuredmedia":[{"embeddable":true,"href":"https:\/\/entretormentas.com\/index.php?rest_route=\/wp\/v2\/media\/11243"}],"wp:attachment":[{"href":"https:\/\/entretormentas.com\/index.php?rest_route=%2Fwp%2Fv2%2Fmedia&parent=11242"}],"wp:term":[{"taxonomy":"category","embeddable":true,"href":"https:\/\/entretormentas.com\/index.php?rest_route=%2Fwp%2Fv2%2Fcategories&post=11242"},{"taxonomy":"post_tag","embeddable":true,"href":"https:\/\/entretormentas.com\/index.php?rest_route=%2Fwp%2Fv2%2Ftags&post=11242"}],"curies":[{"name":"wp","href":"https:\/\/api.w.org\/{rel}","templated":true}]}}