{"id":11262,"date":"2024-12-12T09:46:03","date_gmt":"2024-12-12T08:46:03","guid":{"rendered":"https:\/\/entretormentas.com\/?p=11262"},"modified":"2024-12-12T09:46:03","modified_gmt":"2024-12-12T08:46:03","slug":"necesario-san-francisco-junto-a-la-gobernacion-se-unen-al-plan-nacional-contra-la-fiebre-aftosa","status":"publish","type":"post","link":"https:\/\/entretormentas.com\/necesario-san-francisco-junto-a-la-gobernacion-se-unen-al-plan-nacional-contra-la-fiebre-aftosa\/","title":{"rendered":"\u00a1NECESARIO! San Francisco junto a la Gobernaci\u00f3n se unen al plan nacional contra la fiebre aftosa"},"content":{"rendered":"\n<p><strong>ENTRE TORMENTAS. <\/strong>La Gobernaci\u00f3n de Zulia, a trav\u00e9s de su Secretar\u00eda de Desarrollo Agropecuario, junto a la gerencia de Desarrollo Econ\u00f3mico del municipio San Francisco y la Fundaci\u00f3n Venezolana de Servicios de Salud Animal (Funvessa), realiz\u00f3 una jornada de vacunaci\u00f3n de ganado bovino en las parroquias Los Cortijos y Marcial Hern\u00e1ndez, como medida de resguardo ante la afecci\u00f3n de la fiebre aftosa.<\/p>\n\n\n\n<p>Osmelio Gonz\u00e1lez, coordinador de Producci\u00f3n y Salud Animal de la Secretar\u00eda de Desarrollo Agropecuario de la Gobernaci\u00f3n del Estado Zulia y m\u00e9dico veterinario, explic\u00f3: \u201cEstamos en la unidad de producci\u00f3n Las Margaritas, apoyando a los peque\u00f1os productores del municipio San Francisco, brindando seguridad a sus animales para que puedan desenvolverse y tener una eficaz unidad de producci\u00f3n\u201d.<\/p>\n\n\n\n<p>Estas actividades forman parte del apoyo para el desarrollo econ\u00f3mico de San Francisco, donde el gobernador Manuel Rosales y el alcalde Gustavo Fern\u00e1ndez promueven y equipan a los peque\u00f1os productores, ayudando a la erradicaci\u00f3n y control de esta enfermedad que afecta en gran medida al ganado.<\/p>\n\n\n\n<figure class=\"wp-block-image size-large\"><img fetchpriority=\"high\" decoding=\"async\" width=\"1024\" height=\"682\" src=\"https:\/\/entretormentas.com\/wp-content\/uploads\/2024\/12\/image-256-1024x682.png\" alt=\"\" class=\"wp-image-11264\" srcset=\"https:\/\/entretormentas.com\/wp-content\/uploads\/2024\/12\/image-256-1024x682.png 1024w, https:\/\/entretormentas.com\/wp-content\/uploads\/2024\/12\/image-256-300x200.png 300w, https:\/\/entretormentas.com\/wp-content\/uploads\/2024\/12\/image-256-768x512.png 768w, https:\/\/entretormentas.com\/wp-content\/uploads\/2024\/12\/image-256.png 1280w\" sizes=\"(max-width: 1024px) 100vw, 1024px\" \/><\/figure>\n\n\n\n<p>Por su parte, el ingeniero agr\u00f3nomo Carlos Espina, director de Desarrollo Agropecuario del municipio San Francisco, expres\u00f3 que esta labor forma parte de las asistencias t\u00e9cnicas, como segundo ciclo de vacunaci\u00f3n contra la fiebre aftosa, llegando aqu\u00ed gracias al apoyo brindado por empresas privadas y p\u00fablicas. Adem\u00e1s, recalc\u00f3 que estas se extender\u00e1n a las otras parroquias de la geograf\u00eda sure\u00f1a.<\/p>\n\n\n\n<p>Destac\u00f3 que se espera vacunar alrededor de 788 animales, censados en las \u00faltimas jornadas del mes de octubre por la Gerencia de Desarrollo Econ\u00f3mico Municipal. Por otro lado, garantiz\u00f3 que se cuenta con la certificaci\u00f3n del Instituto Nacional de Salud Agr\u00edcola Integral (Insai), adscrito al Ministerio del Poder Popular para la Agricultura Productiva y Tierras (Minppapt), lo cual garantiza el correcto trato a los animales.<\/p>\n\n\n\n<p>Los productores beneficiados expresaron su agradecimiento a los entes estatales y municipales por colaborar en el desarrollo de su productividad. As\u00ed lo resalt\u00f3 Jimmi Gonz\u00e1lez, administrador y propietario de la ganader\u00eda Los Cortijos en San Francisco, quien invit\u00f3 a los peque\u00f1os productores a sumarse a este proyecto para que \u00abestemos libres de aftosa\u00bb.<\/p>\n\n\n\n<p>Rosa Naya Barrag\u00e1n, productora de la finca Villa Valle Encantado en San Francisco, expres\u00f3: \u201cAgradecemos al gobernador Manuel Rosales y al alcalde Gustavo Fern\u00e1ndez por esta oportunidad que nos est\u00e1n brindando al prestarnos auxilio con la vacunaci\u00f3n del ganado y por el favor de proporcionarnos primeros auxilios para el ganado. Estoy agradecida porque as\u00ed evitamos que el ganado se enferme\u201d.<br><strong><em>ET \/ Alcald\u00eda de San Francisco<\/em><\/strong><\/p>\n","protected":false},"excerpt":{"rendered":"<p>ENTRE TORMENTAS. La Gobernaci\u00f3n de Zulia, a trav\u00e9s de su Secretar\u00eda de Desarrollo Agropecuario, junto&#8230;<\/p>\n","protected":false},"author":2,"featured_media":11263,"comment_status":"closed","ping_status":"open","sticky":false,"template":"","format":"standard","meta":{"footnotes":""},"categories":[57,1],"tags":[],"class_list":["post-11262","post","type-post","status-publish","format-standard","has-post-thumbnail","hentry","category-actualidad","category-regionales"],"_links":{"self":[{"href":"https:\/\/entretormentas.com\/index.php?rest_route=\/wp\/v2\/posts\/11262","targetHints":{"allow":["GET"]}}],"collection":[{"href":"https:\/\/entretormentas.com\/index.php?rest_route=\/wp\/v2\/posts"}],"about":[{"href":"https:\/\/entretormentas.com\/index.php?rest_route=\/wp\/v2\/types\/post"}],"author":[{"embeddable":true,"href":"https:\/\/entretormentas.com\/index.php?rest_route=\/wp\/v2\/users\/2"}],"replies":[{"embeddable":true,"href":"https:\/\/entretormentas.com\/index.php?rest_route=%2Fwp%2Fv2%2Fcomments&post=11262"}],"version-history":[{"count":1,"href":"https:\/\/entretormentas.com\/index.php?rest_route=\/wp\/v2\/posts\/11262\/revisions"}],"predecessor-version":[{"id":11265,"href":"https:\/\/entretormentas.com\/index.php?rest_route=\/wp\/v2\/posts\/11262\/revisions\/11265"}],"wp:featuredmedia":[{"embeddable":true,"href":"https:\/\/entretormentas.com\/index.php?rest_route=\/wp\/v2\/media\/11263"}],"wp:attachment":[{"href":"https:\/\/entretormentas.com\/index.php?rest_route=%2Fwp%2Fv2%2Fmedia&parent=11262"}],"wp:term":[{"taxonomy":"category","embeddable":true,"href":"https:\/\/entretormentas.com\/index.php?rest_route=%2Fwp%2Fv2%2Fcategories&post=11262"},{"taxonomy":"post_tag","embeddable":true,"href":"https:\/\/entretormentas.com\/index.php?rest_route=%2Fwp%2Fv2%2Ftags&post=11262"}],"curies":[{"name":"wp","href":"https:\/\/api.w.org\/{rel}","templated":true}]}}