{"id":11274,"date":"2024-12-12T09:56:43","date_gmt":"2024-12-12T08:56:43","guid":{"rendered":"https:\/\/entretormentas.com\/?p=11274"},"modified":"2024-12-12T09:56:43","modified_gmt":"2024-12-12T08:56:43","slug":"posicion-fiscal-afirma-que-su-gestion-combate-cualquier-accion-que-viole-la-dignidad-humana","status":"publish","type":"post","link":"https:\/\/entretormentas.com\/posicion-fiscal-afirma-que-su-gestion-combate-cualquier-accion-que-viole-la-dignidad-humana\/","title":{"rendered":"\u00a1POSICI\u00d3N! Fiscal afirma que su gesti\u00f3n combate \u00abcualquier acci\u00f3n que viole la dignidad humana\u00bb"},"content":{"rendered":"\n<p><strong>ENTRE TORMENTAS. <\/strong>El fiscal de la Rep\u00fablica, Tarek William Saab, resalt\u00f3 este mi\u00e9rcoles 11 de diciembre que bajo su gesti\u00f3n se ha logrado la atenci\u00f3n de m\u00e1s de dos millones 200 mil personas para hacer valer sus Derechos Humanos.<\/p>\n\n\n\n<p>A 76 a\u00f1os de la proclamaci\u00f3n de la declaraci\u00f3n de los Derechos Humanos, Saab inform\u00f3 que este 11 de diciembre se realiz\u00f3 un taller en la Escuela Nacional de Fiscales en el que participaron funcionarios del Ministerio P\u00fablico y de la Comit\u00e9 de la Cruz Roja.<\/p>\n\n\n\n<p>\u00abVenezuela ha hecho un esfuerzo importante para combatir cualquier acci\u00f3n que impliquen una violaci\u00f3n a la dignidad humana dando ejemplo en nuestra Jurisdicci\u00f3n Penal Nacional\u00bb, dijo mediante rueda de prensa, acompa\u00f1ado del Defensor del Pueblo, Alfredo Ruiz.<\/p>\n\n\n\n<p>Destac\u00f3 que en el \u00faltimo a\u00f1o han imputado a dos mil 707 personas por violaciones a DDHH, se han acusado a tres mil 504 y se ha logrado la privativa de libertad de mil 96 personas. \u00abEste esfuerzo se ha reflejado en una importante disminuci\u00f3n a lasa denuncias de los DDHH\u00bb, sum\u00f3.<\/p>\n\n\n\n<p>A\u00f1adi\u00f3 que el Programa de los Adultos Mayores ha logrado la atenci\u00f3n de 31 mil 656 personas de la tercera edad y se ha logrado tres mil 52 restituciones a sus propiedades.<br><strong><em>ET \/ Agencias<\/em><\/strong><\/p>\n\n\n\n<p><\/p>\n","protected":false},"excerpt":{"rendered":"<p>ENTRE TORMENTAS. El fiscal de la Rep\u00fablica, Tarek William Saab, resalt\u00f3 este mi\u00e9rcoles 11 de&#8230;<\/p>\n","protected":false},"author":2,"featured_media":11275,"comment_status":"closed","ping_status":"open","sticky":false,"template":"","format":"standard","meta":{"footnotes":""},"categories":[56,49],"tags":[],"class_list":["post-11274","post","type-post","status-publish","format-standard","has-post-thumbnail","hentry","category-destacadas","category-nacionales"],"_links":{"self":[{"href":"https:\/\/entretormentas.com\/index.php?rest_route=\/wp\/v2\/posts\/11274","targetHints":{"allow":["GET"]}}],"collection":[{"href":"https:\/\/entretormentas.com\/index.php?rest_route=\/wp\/v2\/posts"}],"about":[{"href":"https:\/\/entretormentas.com\/index.php?rest_route=\/wp\/v2\/types\/post"}],"author":[{"embeddable":true,"href":"https:\/\/entretormentas.com\/index.php?rest_route=\/wp\/v2\/users\/2"}],"replies":[{"embeddable":true,"href":"https:\/\/entretormentas.com\/index.php?rest_route=%2Fwp%2Fv2%2Fcomments&post=11274"}],"version-history":[{"count":1,"href":"https:\/\/entretormentas.com\/index.php?rest_route=\/wp\/v2\/posts\/11274\/revisions"}],"predecessor-version":[{"id":11276,"href":"https:\/\/entretormentas.com\/index.php?rest_route=\/wp\/v2\/posts\/11274\/revisions\/11276"}],"wp:featuredmedia":[{"embeddable":true,"href":"https:\/\/entretormentas.com\/index.php?rest_route=\/wp\/v2\/media\/11275"}],"wp:attachment":[{"href":"https:\/\/entretormentas.com\/index.php?rest_route=%2Fwp%2Fv2%2Fmedia&parent=11274"}],"wp:term":[{"taxonomy":"category","embeddable":true,"href":"https:\/\/entretormentas.com\/index.php?rest_route=%2Fwp%2Fv2%2Fcategories&post=11274"},{"taxonomy":"post_tag","embeddable":true,"href":"https:\/\/entretormentas.com\/index.php?rest_route=%2Fwp%2Fv2%2Ftags&post=11274"}],"curies":[{"name":"wp","href":"https:\/\/api.w.org\/{rel}","templated":true}]}}