{"id":11280,"date":"2024-12-12T10:00:37","date_gmt":"2024-12-12T09:00:37","guid":{"rendered":"https:\/\/entretormentas.com\/?p=11280"},"modified":"2024-12-12T10:00:38","modified_gmt":"2024-12-12T09:00:38","slug":"12-son-adolescentes-foro-penal-confirma-18-nuevas-excarcelaciones-por-protesta-poselectoral","status":"publish","type":"post","link":"https:\/\/entretormentas.com\/12-son-adolescentes-foro-penal-confirma-18-nuevas-excarcelaciones-por-protesta-poselectoral\/","title":{"rendered":"\u00a112 SON ADOLESCENTES! Foro Penal confirma 18 nuevas excarcelaciones por protesta poselectoral"},"content":{"rendered":"\n<p><strong>ENTRE TORMENTAS. <\/strong>La ONG de Derechos Humanos Foro Penal confirm\u00f3 este mi\u00e9rcoles que, durante la madrugada de este 11 de diciembre, han sido excarceladas un total de 18 personas que fueron detenidas tras las protestas poselectorales del pasado #28Jul.<\/p>\n\n\n\n<p>Gonzalo Himiob, vicepresidente de Foro Penal, detall\u00f3 que, al menos, 12 de estos excarcelados son menores de edad y su oficina sigue \u201cverificando casos e informaci\u00f3n recibida\u201d.<\/p>\n\n\n\n<p>Por otra parte, y de acuerdo al Comit\u00e9 por la Libertad de los Presos Pol\u00edticos, nueve de los adolescentes liberados en el estado Anzo\u00e1tegui est\u00e1n identificados como Jes\u00fas V\u00e1squez Mart\u00ednez, Anabelis Rodr\u00edguez, William Celestino Guatache, Samuel Villarroel, Mariangeli Giraldo, Jes\u00fas Quezada, Johana Calcuri\u00e1n, Nizon Leonel Romero Rodr\u00edguez y Juan Pablo Yaguaracuto.<\/p>\n\n\n\n<p>Asimismo, en el estado Lara fueron excarcelados Mar\u00eda Eugenia Flores Ju\u00e1rez y Carlos Jim\u00e9nez, as\u00ed como la paciente oncol\u00f3gica Yenny Barrios. En Miranda los excarcelados fueron Thailis Berrios y Joseph Robinson Silva de Charallave.<\/p>\n\n\n\n<p>Para culminar, en el estado Carabobo tambi\u00e9n fueron excarcelados tres adolescentes: Chelsea Correa Venero, de 16 a\u00f1os de edad, Cristian P\u00e9rez y Enmanuel Abritta, ambos de 17 a\u00f1os de edad.<br><strong><em>ET \/ Agencias<\/em><\/strong><\/p>\n","protected":false},"excerpt":{"rendered":"<p>ENTRE TORMENTAS. La ONG de Derechos Humanos Foro Penal confirm\u00f3 este mi\u00e9rcoles que, durante la&#8230;<\/p>\n","protected":false},"author":2,"featured_media":11281,"comment_status":"closed","ping_status":"open","sticky":false,"template":"","format":"standard","meta":{"footnotes":""},"categories":[56,49],"tags":[],"class_list":["post-11280","post","type-post","status-publish","format-standard","has-post-thumbnail","hentry","category-destacadas","category-nacionales"],"_links":{"self":[{"href":"https:\/\/entretormentas.com\/index.php?rest_route=\/wp\/v2\/posts\/11280","targetHints":{"allow":["GET"]}}],"collection":[{"href":"https:\/\/entretormentas.com\/index.php?rest_route=\/wp\/v2\/posts"}],"about":[{"href":"https:\/\/entretormentas.com\/index.php?rest_route=\/wp\/v2\/types\/post"}],"author":[{"embeddable":true,"href":"https:\/\/entretormentas.com\/index.php?rest_route=\/wp\/v2\/users\/2"}],"replies":[{"embeddable":true,"href":"https:\/\/entretormentas.com\/index.php?rest_route=%2Fwp%2Fv2%2Fcomments&post=11280"}],"version-history":[{"count":1,"href":"https:\/\/entretormentas.com\/index.php?rest_route=\/wp\/v2\/posts\/11280\/revisions"}],"predecessor-version":[{"id":11282,"href":"https:\/\/entretormentas.com\/index.php?rest_route=\/wp\/v2\/posts\/11280\/revisions\/11282"}],"wp:featuredmedia":[{"embeddable":true,"href":"https:\/\/entretormentas.com\/index.php?rest_route=\/wp\/v2\/media\/11281"}],"wp:attachment":[{"href":"https:\/\/entretormentas.com\/index.php?rest_route=%2Fwp%2Fv2%2Fmedia&parent=11280"}],"wp:term":[{"taxonomy":"category","embeddable":true,"href":"https:\/\/entretormentas.com\/index.php?rest_route=%2Fwp%2Fv2%2Fcategories&post=11280"},{"taxonomy":"post_tag","embeddable":true,"href":"https:\/\/entretormentas.com\/index.php?rest_route=%2Fwp%2Fv2%2Ftags&post=11280"}],"curies":[{"name":"wp","href":"https:\/\/api.w.org\/{rel}","templated":true}]}}