{"id":11300,"date":"2024-12-13T08:51:13","date_gmt":"2024-12-13T07:51:13","guid":{"rendered":"https:\/\/entretormentas.com\/?p=11300"},"modified":"2024-12-13T08:51:14","modified_gmt":"2024-12-13T07:51:14","slug":"con-jornada-de-fumigacion-y-abatizacion-alcaldia-de-san-francisco-le-declara-la-guerra-al-dengue","status":"publish","type":"post","link":"https:\/\/entretormentas.com\/con-jornada-de-fumigacion-y-abatizacion-alcaldia-de-san-francisco-le-declara-la-guerra-al-dengue\/","title":{"rendered":"\u00a1CON JORNADA DE FUMIGACI\u00d3N Y ABATIZACI\u00d3N! Alcald\u00eda de San Francisco le declara la guerra al dengue"},"content":{"rendered":"\n<p><strong>ENTRE TORMENTAS.<\/strong> Con una jornada especial de fumigaci\u00f3n y abatizaci\u00f3n, se ha dado respuesta a cinco casos de dengue registrados en los sectores San Ram\u00f3n y Ma Vieja, de la parroquia San Francisco, con una acci\u00f3n conjunta entre la Gobernaci\u00f3n del Zulia, por medio de la Direcci\u00f3n Regional de Salud y del alcalde de San Francisco, Gustavo Fern\u00e1ndez, a trav\u00e9s del Instituto P\u00fablico Municipal de Ambiente y Aseo Urbano (Imasur).<\/p>\n\n\n\n<p>Con esta acci\u00f3n se hace frente a los casos presentados de dengue -tres en San Ram\u00f3n y dos en Ma\u00b4Vieja, que reciben atenci\u00f3n m\u00e9dica- se responde con medidas preventivas para que no aumente el n\u00famero de casos en la zona. As\u00ed lo inform\u00f3 Katerin Guanipa, coordinadora de Prevenci\u00f3n y Protecci\u00f3n Ambiental, explicando que esa acci\u00f3n est\u00e1 enmarcada en el Plan \u201cSin criadero no hay mosquito\u201d, que adelanta la Gobernaci\u00f3n del Zulia.<\/p>\n\n\n\n<figure class=\"wp-block-image size-large\"><img fetchpriority=\"high\" decoding=\"async\" width=\"1024\" height=\"682\" src=\"https:\/\/entretormentas.com\/wp-content\/uploads\/2024\/12\/image-274-1024x682.png\" alt=\"\" class=\"wp-image-11302\" srcset=\"https:\/\/entretormentas.com\/wp-content\/uploads\/2024\/12\/image-274-1024x682.png 1024w, https:\/\/entretormentas.com\/wp-content\/uploads\/2024\/12\/image-274-300x200.png 300w, https:\/\/entretormentas.com\/wp-content\/uploads\/2024\/12\/image-274-768x512.png 768w, https:\/\/entretormentas.com\/wp-content\/uploads\/2024\/12\/image-274.png 1280w\" sizes=\"(max-width: 1024px) 100vw, 1024px\" \/><\/figure>\n\n\n\n<p>Este jueves con esta acci\u00f3n se atendieron 19 viviendas, beneficiando 57 vecinos de la calle 24A, del barrio Ma\u00b4Vieja; y 22 familias y 66 personas, en la calle 21 con avenida 10 de San Ram\u00f3n, ambos sectores de la parroquia San Francisco.<\/p>\n\n\n\n<p>Guanipa coment\u00f3 que la abatizaci\u00f3n es colocar un qu\u00edmico en el agua almacenada para evitar el criadero de larvas y que \u00e9stas se conviertan en zancudos. Recomend\u00f3 a la colectividad que en el caso que se deba almacenar agua es imprescindible tapar los envases o contenedores.<\/p>\n\n\n\n<figure class=\"wp-block-image size-large\"><img decoding=\"async\" width=\"1024\" height=\"682\" src=\"https:\/\/entretormentas.com\/wp-content\/uploads\/2024\/12\/image-275-1024x682.png\" alt=\"\" class=\"wp-image-11303\" srcset=\"https:\/\/entretormentas.com\/wp-content\/uploads\/2024\/12\/image-275-1024x682.png 1024w, https:\/\/entretormentas.com\/wp-content\/uploads\/2024\/12\/image-275-300x200.png 300w, https:\/\/entretormentas.com\/wp-content\/uploads\/2024\/12\/image-275-768x512.png 768w, https:\/\/entretormentas.com\/wp-content\/uploads\/2024\/12\/image-275.png 1280w\" sizes=\"(max-width: 1024px) 100vw, 1024px\" \/><\/figure>\n\n\n\n<p>Elimar Gonz\u00e1lez, vecina del sector San Ram\u00f3n, agradeci\u00f3 al alcalde Gustavo Fern\u00e1ndez, por tomar en cuenta el barrio San Ram\u00f3n, con esta acci\u00f3n que catalog\u00f3 de favorable. \u201cMe parece bien que est\u00e9n haciendo aqu\u00ed una jornada de fumigaci\u00f3n, porque ya van varios casitos de dengue. Mi hija ha sido un caso positivo\u201d, dijo.<\/p>\n\n\n\n<p>Chela Gonz\u00e1lez, tambi\u00e9n del barrio San Ram\u00f3n, se uni\u00f3 al agradecimiento de sus vecinos, \u201chay mucho dengue en el vecindario. A una ni\u00f1a tuvieron que hospitalizarla con dengue\u201d. Con esta jornada de fumigaci\u00f3n, sin duda alguna se hace frente a la presencia de zancudos y por consiguiente a la proliferaci\u00f3n del dengue.<br><strong><em>ET \/ Alcald\u00eda de San Francisco<\/em><\/strong><\/p>\n","protected":false},"excerpt":{"rendered":"<p>ENTRE TORMENTAS. Con una jornada especial de fumigaci\u00f3n y abatizaci\u00f3n, se ha dado respuesta a&#8230;<\/p>\n","protected":false},"author":2,"featured_media":11301,"comment_status":"closed","ping_status":"open","sticky":false,"template":"","format":"standard","meta":{"footnotes":""},"categories":[57,1],"tags":[],"class_list":["post-11300","post","type-post","status-publish","format-standard","has-post-thumbnail","hentry","category-actualidad","category-regionales"],"_links":{"self":[{"href":"https:\/\/entretormentas.com\/index.php?rest_route=\/wp\/v2\/posts\/11300","targetHints":{"allow":["GET"]}}],"collection":[{"href":"https:\/\/entretormentas.com\/index.php?rest_route=\/wp\/v2\/posts"}],"about":[{"href":"https:\/\/entretormentas.com\/index.php?rest_route=\/wp\/v2\/types\/post"}],"author":[{"embeddable":true,"href":"https:\/\/entretormentas.com\/index.php?rest_route=\/wp\/v2\/users\/2"}],"replies":[{"embeddable":true,"href":"https:\/\/entretormentas.com\/index.php?rest_route=%2Fwp%2Fv2%2Fcomments&post=11300"}],"version-history":[{"count":1,"href":"https:\/\/entretormentas.com\/index.php?rest_route=\/wp\/v2\/posts\/11300\/revisions"}],"predecessor-version":[{"id":11304,"href":"https:\/\/entretormentas.com\/index.php?rest_route=\/wp\/v2\/posts\/11300\/revisions\/11304"}],"wp:featuredmedia":[{"embeddable":true,"href":"https:\/\/entretormentas.com\/index.php?rest_route=\/wp\/v2\/media\/11301"}],"wp:attachment":[{"href":"https:\/\/entretormentas.com\/index.php?rest_route=%2Fwp%2Fv2%2Fmedia&parent=11300"}],"wp:term":[{"taxonomy":"category","embeddable":true,"href":"https:\/\/entretormentas.com\/index.php?rest_route=%2Fwp%2Fv2%2Fcategories&post=11300"},{"taxonomy":"post_tag","embeddable":true,"href":"https:\/\/entretormentas.com\/index.php?rest_route=%2Fwp%2Fv2%2Ftags&post=11300"}],"curies":[{"name":"wp","href":"https:\/\/api.w.org\/{rel}","templated":true}]}}