{"id":11320,"date":"2024-12-13T09:07:24","date_gmt":"2024-12-13T08:07:24","guid":{"rendered":"https:\/\/entretormentas.com\/?p=11320"},"modified":"2024-12-13T09:07:24","modified_gmt":"2024-12-13T08:07:24","slug":"diosdado-cabello-extrema-derecha-pretende-generar-violencia-desde-el-22-dic","status":"publish","type":"post","link":"https:\/\/entretormentas.com\/diosdado-cabello-extrema-derecha-pretende-generar-violencia-desde-el-22-dic\/","title":{"rendered":"DIOSDADO CABELLO: \u00abExtrema derecha pretende generar violencia desde el #22-Dic"},"content":{"rendered":"\n<p><strong>ENTRE TORMENTAS.<\/strong> El primer vicepresidente del Partido Socialista Unido de Venezuela (Psuv), Diosdado Cabello, denunci\u00f3 que la extrema derecha tiene la intenci\u00f3n de generar acciones de violencia en el pa\u00eds desde el pr\u00f3ximo 22 de diciembre hasta el 10 de enero de 2025.<\/p>\n\n\n\n<p>Durante su programa \u2018Con el Mazo Dando\u2019, Cabello hizo referencia a una informaci\u00f3n recibida sobre una tarea dada a un grupo particular para \u201corganizar la log\u00edstica para prender las calles a partir del 22 de diciembre hasta el 10 de enero\u201d, d\u00eda en el que se realizar\u00e1 la juramentaci\u00f3n del presidente de la Rep\u00fablica, Nicol\u00e1s Maduro, luego de la victoria obtenida el pasado 28 de julio.<\/p>\n\n\n\n<p>Indic\u00f3 que el sector extremista est\u00e1 planeando acciones como \u201cuna forma de echar el resto para ver si levantan \u00e1nimos y credibilidad, no solo en los pocos seguidores que todav\u00eda tienen, sino tambi\u00e9n en la comunidad internacional donde hace rato le perdieron respeto\u201d.<\/p>\n\n\n\n<p>Cabello manifest\u00f3 que, seg\u00fan el informante, ante los fracasos que se han registrado en las pretensiones de este sector, la opositora Mar\u00eda Corina Machado intenta ocupar a la comunidad internacional con \u201clas supuestas violaciones de derechos humanos y el supuesto asedio a quienes est\u00e1n en la Embajada de Argentina en Venezuela\u201d.<\/p>\n\n\n\n<p>Asimismo, enfatiz\u00f3 que Machado es \u201cuna asesina. Eres una criminal aliada al narcotr\u00e1fico\u201c, y que el dinero que recibe es de estos grupos criminales.<br><strong><em>ET \/ \u00daltimas Noticias<\/em><\/strong><\/p>\n","protected":false},"excerpt":{"rendered":"<p>ENTRE TORMENTAS. El primer vicepresidente del Partido Socialista Unido de Venezuela (Psuv), Diosdado Cabello, denunci\u00f3&#8230;<\/p>\n","protected":false},"author":2,"featured_media":11321,"comment_status":"closed","ping_status":"open","sticky":false,"template":"","format":"standard","meta":{"footnotes":""},"categories":[56,49],"tags":[],"class_list":["post-11320","post","type-post","status-publish","format-standard","has-post-thumbnail","hentry","category-destacadas","category-nacionales"],"_links":{"self":[{"href":"https:\/\/entretormentas.com\/index.php?rest_route=\/wp\/v2\/posts\/11320","targetHints":{"allow":["GET"]}}],"collection":[{"href":"https:\/\/entretormentas.com\/index.php?rest_route=\/wp\/v2\/posts"}],"about":[{"href":"https:\/\/entretormentas.com\/index.php?rest_route=\/wp\/v2\/types\/post"}],"author":[{"embeddable":true,"href":"https:\/\/entretormentas.com\/index.php?rest_route=\/wp\/v2\/users\/2"}],"replies":[{"embeddable":true,"href":"https:\/\/entretormentas.com\/index.php?rest_route=%2Fwp%2Fv2%2Fcomments&post=11320"}],"version-history":[{"count":1,"href":"https:\/\/entretormentas.com\/index.php?rest_route=\/wp\/v2\/posts\/11320\/revisions"}],"predecessor-version":[{"id":11322,"href":"https:\/\/entretormentas.com\/index.php?rest_route=\/wp\/v2\/posts\/11320\/revisions\/11322"}],"wp:featuredmedia":[{"embeddable":true,"href":"https:\/\/entretormentas.com\/index.php?rest_route=\/wp\/v2\/media\/11321"}],"wp:attachment":[{"href":"https:\/\/entretormentas.com\/index.php?rest_route=%2Fwp%2Fv2%2Fmedia&parent=11320"}],"wp:term":[{"taxonomy":"category","embeddable":true,"href":"https:\/\/entretormentas.com\/index.php?rest_route=%2Fwp%2Fv2%2Fcategories&post=11320"},{"taxonomy":"post_tag","embeddable":true,"href":"https:\/\/entretormentas.com\/index.php?rest_route=%2Fwp%2Fv2%2Ftags&post=11320"}],"curies":[{"name":"wp","href":"https:\/\/api.w.org\/{rel}","templated":true}]}}