{"id":11323,"date":"2024-12-13T09:10:08","date_gmt":"2024-12-13T08:10:08","guid":{"rendered":"https:\/\/entretormentas.com\/?p=11323"},"modified":"2024-12-13T09:12:07","modified_gmt":"2024-12-13T08:12:07","slug":"exhorto-publico-fvm-pide-atencion-urgente-a-los-problemas-que-enfrentan-los-docentes","status":"publish","type":"post","link":"https:\/\/entretormentas.com\/exhorto-publico-fvm-pide-atencion-urgente-a-los-problemas-que-enfrentan-los-docentes\/","title":{"rendered":"\u00a1EXHORTO P\u00daBLICO! FVM pide \u201catenci\u00f3n urgente\u201d a los problemas que enfrentan los docentes"},"content":{"rendered":"\n<p><strong>ENTRE TORMENTAS.<\/strong> En el marco de las vacaciones escolares, que ya comenzaron en Venezuela, los dirigentes sindicales de maestros en varias regiones del pa\u00eds expresaron su preocupaci\u00f3n por la falta de respuesta del ministro de Educaci\u00f3n, H\u00e9ctor Rodr\u00edguez, a sus solicitudes sobre temas cr\u00edticos como salarios, seguridad social y condiciones en las escuelas.<\/p>\n\n\n\n<p>La profesora Carmen Teresa M\u00e1rquez, presidenta de la Federaci\u00f3n Venezolana de Maestros (FVM), alz\u00f3 su voz para se\u00f1alar que el magisterio venezolano atraviesa una situaci\u00f3n \u201cbastante critica\u201d, rese\u00f1\u00f3 Radio Fe y Alegr\u00eda.<\/p>\n\n\n\n<p>\u201cEl ministro de Trabajo, Eduardo Pi\u00f1ate, se comprometi\u00f3 a mediar, pero la situaci\u00f3n sigue sin resolverse\u201d,<\/p>\n\n\n\n<p>Asimismo, denunci\u00f3 que muchos docentes han reportado la suspensi\u00f3n de sus sueldos, lo que agrava la crisis que enfrenta el magisterio en el pa\u00eds. \u201cSe exige una atenci\u00f3n urgente al problema\u201d, dijo.<\/p>\n\n\n\n<p><strong>NO PIERDEN LA ESPERANZA<\/strong><br>M\u00e1rquez se\u00f1al\u00f3 que, esperan que el ministro se re\u00fana con las organizaciones sindicales para reanudar la tercera convenci\u00f3n colectiva \u00fanica y unitaria.<\/p>\n\n\n\n<p>En esta reuni\u00f3n quieren discutir las reivindicaciones de los docentes venezolanos, incluyendo bonos, primas y la atenci\u00f3n a la seguridad social, ya que el Instituto de Previsi\u00f3n Social (IPASME) no est\u00e1 funcionando. \u201cLa expectativa es que se aborden estos temas en enero de 2025\u201d, indic\u00f3 la sindicalista.<\/p>\n\n\n\n<p><strong>NO HAY BALANCE POSITIVO<\/strong><br>M\u00e1rquez reiter\u00f3 que la infraestructura escolar en el pa\u00eds presenta un grave d\u00e9ficit, con aproximadamente 27 mil escuelas de las cuales solo ocho mil han sido arregladas.<\/p>\n\n\n\n<p>\u201cEsto afecta negativamente no solo las condiciones de aprendizaje, sino tambi\u00e9n la calidad de la educaci\u00f3n\u201d, se\u00f1al\u00f3.<\/p>\n\n\n\n<p>Tambi\u00e9n dijo que los l\u00edderes sindicales est\u00e1n preocupados por la falta de aumentos salariales para los docentes, quienes llevan m\u00e1s de mil d\u00edas sin incremento, as\u00ed como por la suspensi\u00f3n de sus sueldos.<\/p>\n\n\n\n<p>\u201cA pesar de algunos avances en el arreglo de escuelas, se necesita una mayor atenci\u00f3n y prioridad en la mejora de las infraestructuras escolares y el programa de alimentaci\u00f3n para todos los ni\u00f1os en las escuelas del pa\u00eds. Es necesario invertir en educaci\u00f3n\u201d, concluy\u00f3.<br><strong><em>ET \/ Agencias<\/em><\/strong><\/p>\n\n\n\n<p><\/p>\n","protected":false},"excerpt":{"rendered":"<p>ENTRE TORMENTAS. En el marco de las vacaciones escolares, que ya comenzaron en Venezuela, los&#8230;<\/p>\n","protected":false},"author":2,"featured_media":11324,"comment_status":"closed","ping_status":"open","sticky":false,"template":"","format":"standard","meta":{"footnotes":""},"categories":[56,49],"tags":[],"class_list":["post-11323","post","type-post","status-publish","format-standard","has-post-thumbnail","hentry","category-destacadas","category-nacionales"],"_links":{"self":[{"href":"https:\/\/entretormentas.com\/index.php?rest_route=\/wp\/v2\/posts\/11323","targetHints":{"allow":["GET"]}}],"collection":[{"href":"https:\/\/entretormentas.com\/index.php?rest_route=\/wp\/v2\/posts"}],"about":[{"href":"https:\/\/entretormentas.com\/index.php?rest_route=\/wp\/v2\/types\/post"}],"author":[{"embeddable":true,"href":"https:\/\/entretormentas.com\/index.php?rest_route=\/wp\/v2\/users\/2"}],"replies":[{"embeddable":true,"href":"https:\/\/entretormentas.com\/index.php?rest_route=%2Fwp%2Fv2%2Fcomments&post=11323"}],"version-history":[{"count":1,"href":"https:\/\/entretormentas.com\/index.php?rest_route=\/wp\/v2\/posts\/11323\/revisions"}],"predecessor-version":[{"id":11325,"href":"https:\/\/entretormentas.com\/index.php?rest_route=\/wp\/v2\/posts\/11323\/revisions\/11325"}],"wp:featuredmedia":[{"embeddable":true,"href":"https:\/\/entretormentas.com\/index.php?rest_route=\/wp\/v2\/media\/11324"}],"wp:attachment":[{"href":"https:\/\/entretormentas.com\/index.php?rest_route=%2Fwp%2Fv2%2Fmedia&parent=11323"}],"wp:term":[{"taxonomy":"category","embeddable":true,"href":"https:\/\/entretormentas.com\/index.php?rest_route=%2Fwp%2Fv2%2Fcategories&post=11323"},{"taxonomy":"post_tag","embeddable":true,"href":"https:\/\/entretormentas.com\/index.php?rest_route=%2Fwp%2Fv2%2Ftags&post=11323"}],"curies":[{"name":"wp","href":"https:\/\/api.w.org\/{rel}","templated":true}]}}