{"id":11326,"date":"2024-12-13T09:14:00","date_gmt":"2024-12-13T08:14:00","guid":{"rendered":"https:\/\/entretormentas.com\/?p=11326"},"modified":"2024-12-13T09:14:01","modified_gmt":"2024-12-13T08:14:01","slug":"para-febrero-o-marzo-maduro-propone-fecha-para-las-elecciones-regionales-en-2025","status":"publish","type":"post","link":"https:\/\/entretormentas.com\/para-febrero-o-marzo-maduro-propone-fecha-para-las-elecciones-regionales-en-2025\/","title":{"rendered":"\u00a1PARA FEBRERO O MARZO! Maduro propone fecha para las elecciones regionales en 2025"},"content":{"rendered":"\n<p><strong>ENTRE TORMENTAS. <\/strong>El presidente Nicol\u00e1s Maduro recomend\u00f3 al Consejo Nacional Electoral (CNE) convocar para febrero o marzo las primeras elecciones del 2025.<\/p>\n\n\n\n<p>\u00abEl pr\u00f3ximo a\u00f1o tocan varias elecciones, hay elecciones de AN, alcald\u00edas, gobernaciones, Concejos Municipales y Consejos Legislativos\u00bb, detall\u00f3 el jefe de Estado.<\/p>\n\n\n\n<p>\u00abA m\u00ed se me ocurre que tranquilamente el CNE puede convocar para febrero o marzo las primeras elecciones del 2025\u00bb, indic\u00f3 Maduro, durante un encuentro que sostuvo con los candidatos para Jueces de Paz Comunales, comicios que previstos para diciembre.<\/p>\n\n\n\n<p>Al respecto, asegur\u00f3 que la \u00abrevoluci\u00f3n comunera de la democracia directa en Venezuela es la lucha m\u00e1s importante en Latinoam\u00e9rica actualmente\u00bb.<br><strong><em>ET \/ 2001<\/em><\/strong><\/p>\n\n\n\n<p><\/p>\n","protected":false},"excerpt":{"rendered":"<p>ENTRE TORMENTAS. El presidente Nicol\u00e1s Maduro recomend\u00f3 al Consejo Nacional Electoral (CNE) convocar para febrero&#8230;<\/p>\n","protected":false},"author":2,"featured_media":11327,"comment_status":"closed","ping_status":"open","sticky":false,"template":"","format":"standard","meta":{"footnotes":""},"categories":[56,49],"tags":[],"class_list":["post-11326","post","type-post","status-publish","format-standard","has-post-thumbnail","hentry","category-destacadas","category-nacionales"],"_links":{"self":[{"href":"https:\/\/entretormentas.com\/index.php?rest_route=\/wp\/v2\/posts\/11326","targetHints":{"allow":["GET"]}}],"collection":[{"href":"https:\/\/entretormentas.com\/index.php?rest_route=\/wp\/v2\/posts"}],"about":[{"href":"https:\/\/entretormentas.com\/index.php?rest_route=\/wp\/v2\/types\/post"}],"author":[{"embeddable":true,"href":"https:\/\/entretormentas.com\/index.php?rest_route=\/wp\/v2\/users\/2"}],"replies":[{"embeddable":true,"href":"https:\/\/entretormentas.com\/index.php?rest_route=%2Fwp%2Fv2%2Fcomments&post=11326"}],"version-history":[{"count":1,"href":"https:\/\/entretormentas.com\/index.php?rest_route=\/wp\/v2\/posts\/11326\/revisions"}],"predecessor-version":[{"id":11328,"href":"https:\/\/entretormentas.com\/index.php?rest_route=\/wp\/v2\/posts\/11326\/revisions\/11328"}],"wp:featuredmedia":[{"embeddable":true,"href":"https:\/\/entretormentas.com\/index.php?rest_route=\/wp\/v2\/media\/11327"}],"wp:attachment":[{"href":"https:\/\/entretormentas.com\/index.php?rest_route=%2Fwp%2Fv2%2Fmedia&parent=11326"}],"wp:term":[{"taxonomy":"category","embeddable":true,"href":"https:\/\/entretormentas.com\/index.php?rest_route=%2Fwp%2Fv2%2Fcategories&post=11326"},{"taxonomy":"post_tag","embeddable":true,"href":"https:\/\/entretormentas.com\/index.php?rest_route=%2Fwp%2Fv2%2Ftags&post=11326"}],"curies":[{"name":"wp","href":"https:\/\/api.w.org\/{rel}","templated":true}]}}