{"id":11332,"date":"2024-12-13T09:20:05","date_gmt":"2024-12-13T08:20:05","guid":{"rendered":"https:\/\/entretormentas.com\/?p=11332"},"modified":"2024-12-13T09:20:05","modified_gmt":"2024-12-13T08:20:05","slug":"foro-penal-dice-que-solo-van-25-gobierno-reporta-excarcelacion-de-103-detenidos-en-las-ultimas-72-horas","status":"publish","type":"post","link":"https:\/\/entretormentas.com\/foro-penal-dice-que-solo-van-25-gobierno-reporta-excarcelacion-de-103-detenidos-en-las-ultimas-72-horas\/","title":{"rendered":"\u00a1FORO PENAL DICE QUE S\u00d3LO VAN 25! Gobierno reporta excarcelaci\u00f3n de 103 detenidos en las \u00faltimas 72 horas"},"content":{"rendered":"\n<p><strong>ENTRE TORMENTAS.<\/strong> El Gobierno nacional inform\u00f3 este jueves que en las \u00faltimas 72 horas se excarcelaron a 103 presos pol\u00edticos, quienes fueron detenidos arbitrariamente en el contexto de las protestas tras las elecciones presidenciales del 28 de julio en las que el Consejo Nacional Electoral (CNE) proclam\u00f3 fraudulentamente a Nicol\u00e1s Maduro como supuesto ganador.<\/p>\n\n\n\n<p>\u00abSe informa al pa\u00eds que en las \u00faltimas 72 horas (10, 11 y 12 de diciembre) se han producido 103 excarcelaciones, que se suman a 225 medidas cautelares otorgadas el pasado 26 de noviembre del presente a\u00f1o\u00bb, se\u00f1al\u00f3 la Vicepresidencia Sectorial para la Seguridad Ciudadana y la Paz del r\u00e9gimen en un comunicado publicado en Telegram.<\/p>\n\n\n\n<figure class=\"wp-block-image size-full\"><img fetchpriority=\"high\" decoding=\"async\" width=\"750\" height=\"938\" src=\"https:\/\/entretormentas.com\/wp-content\/uploads\/2024\/12\/image-288.png\" alt=\"\" class=\"wp-image-11334\" srcset=\"https:\/\/entretormentas.com\/wp-content\/uploads\/2024\/12\/image-288.png 750w, https:\/\/entretormentas.com\/wp-content\/uploads\/2024\/12\/image-288-240x300.png 240w\" sizes=\"(max-width: 750px) 100vw, 750px\" \/><\/figure>\n\n\n\n<p>Esta medida se llev\u00f3 a cabo tras la orden de Maduro a la justicia chavista para revisar las causas vinculadas a \u00abhechos de violencia y delitos cometidos en el marco de la elecci\u00f3n del 28 de julio\u00bb.<\/p>\n\n\n\n<p><strong>FORO PENAL S\u00d3LO CONTABILIZAN $25<\/strong><br>A pesar de las cifras ofrecidas por el r\u00e9gimen, la ONG Foro Penal solo ha logrado confirmar las excarcelaciones con medidas cautelares de 25 personas, entre ellas 19 adolescentes, entre el 10 y 11 de diciembre de 2024.<\/p>\n\n\n\n<p>Sin embargo, mientras se produc\u00edan estas excarcelaciones, en paralelo el r\u00e9gimen encarcelaba a nuevos presos pol\u00edticos, entre ellos el alcalde de Cabimas, Nabil Maalouf; el exconcejal de Caracas Jes\u00fas Armas; y los activistas de Vente Venezuela en el estado Bol\u00edvar Edgar Sarabia y \u00c1lvaro Mora.<br><strong><em>ET \/ Agencias<\/em><\/strong><\/p>\n","protected":false},"excerpt":{"rendered":"<p>ENTRE TORMENTAS. El Gobierno nacional inform\u00f3 este jueves que en las \u00faltimas 72 horas se&#8230;<\/p>\n","protected":false},"author":2,"featured_media":11333,"comment_status":"closed","ping_status":"open","sticky":false,"template":"","format":"standard","meta":{"footnotes":""},"categories":[56,49],"tags":[],"class_list":["post-11332","post","type-post","status-publish","format-standard","has-post-thumbnail","hentry","category-destacadas","category-nacionales"],"_links":{"self":[{"href":"https:\/\/entretormentas.com\/index.php?rest_route=\/wp\/v2\/posts\/11332","targetHints":{"allow":["GET"]}}],"collection":[{"href":"https:\/\/entretormentas.com\/index.php?rest_route=\/wp\/v2\/posts"}],"about":[{"href":"https:\/\/entretormentas.com\/index.php?rest_route=\/wp\/v2\/types\/post"}],"author":[{"embeddable":true,"href":"https:\/\/entretormentas.com\/index.php?rest_route=\/wp\/v2\/users\/2"}],"replies":[{"embeddable":true,"href":"https:\/\/entretormentas.com\/index.php?rest_route=%2Fwp%2Fv2%2Fcomments&post=11332"}],"version-history":[{"count":1,"href":"https:\/\/entretormentas.com\/index.php?rest_route=\/wp\/v2\/posts\/11332\/revisions"}],"predecessor-version":[{"id":11335,"href":"https:\/\/entretormentas.com\/index.php?rest_route=\/wp\/v2\/posts\/11332\/revisions\/11335"}],"wp:featuredmedia":[{"embeddable":true,"href":"https:\/\/entretormentas.com\/index.php?rest_route=\/wp\/v2\/media\/11333"}],"wp:attachment":[{"href":"https:\/\/entretormentas.com\/index.php?rest_route=%2Fwp%2Fv2%2Fmedia&parent=11332"}],"wp:term":[{"taxonomy":"category","embeddable":true,"href":"https:\/\/entretormentas.com\/index.php?rest_route=%2Fwp%2Fv2%2Fcategories&post=11332"},{"taxonomy":"post_tag","embeddable":true,"href":"https:\/\/entretormentas.com\/index.php?rest_route=%2Fwp%2Fv2%2Ftags&post=11332"}],"curies":[{"name":"wp","href":"https:\/\/api.w.org\/{rel}","templated":true}]}}