{"id":11371,"date":"2024-12-14T16:01:59","date_gmt":"2024-12-14T15:01:59","guid":{"rendered":"https:\/\/entretormentas.com\/?p=11371"},"modified":"2024-12-14T16:01:59","modified_gmt":"2024-12-14T15:01:59","slug":"alcaldia-activa-programa-suenos-sobre-ruedas-cierra-2024-con-mas-de-800-marabinos","status":"publish","type":"post","link":"https:\/\/entretormentas.com\/alcaldia-activa-programa-suenos-sobre-ruedas-cierra-2024-con-mas-de-800-marabinos\/","title":{"rendered":"\u00a1ALCALD\u00cdA ACTIVA! Programa Sue\u00f1os sobre Ruedas cierra 2024 con m\u00e1s de 800 marabinos"},"content":{"rendered":"\n<p><strong>ENTRE TORMENTAS. <\/strong>Proporcionar apoyo y mejorar la calidad de vida de los marabinos con discapacidad motora permanente, es el objetivo del programa Sue\u00f1os Sobre Ruedas de la Alcald\u00eda de Maracaibo, que desde su lanzamiento desde la Direcci\u00f3n General de Desarrollo Social en 2022, ha llegado a m\u00e1s de 800 personas de las 18 parroquias de la ciudad para brindarles soluciones.<\/p>\n\n\n\n<p>En tres a\u00f1os, este programa totaliza 20 jornadas de entrega con el despliegue de los directores de la Alcald\u00eda por toda la ciudad. Se arranc\u00f3 en 2022 con un total de 206 ayudas, en 2023 se avanz\u00f3 hasta las 296 sillas entregadas y durante 2024 se totalizaron 326. La \u00faltima jornada, la octava del a\u00f1o, enmarcada en el Plan de Atenci\u00f3n Integral Navidad 2024, se desarroll\u00f3 este 13 de diciembre y se arranc\u00f3 desde el Complejo Patria Joven.<\/p>\n\n\n\n<figure class=\"wp-block-image size-large\"><img fetchpriority=\"high\" decoding=\"async\" width=\"1024\" height=\"683\" src=\"https:\/\/entretormentas.com\/wp-content\/uploads\/2024\/12\/image-311-1024x683.png\" alt=\"\" class=\"wp-image-11373\" srcset=\"https:\/\/entretormentas.com\/wp-content\/uploads\/2024\/12\/image-311-1024x683.png 1024w, https:\/\/entretormentas.com\/wp-content\/uploads\/2024\/12\/image-311-300x200.png 300w, https:\/\/entretormentas.com\/wp-content\/uploads\/2024\/12\/image-311-768x512.png 768w, https:\/\/entretormentas.com\/wp-content\/uploads\/2024\/12\/image-311.png 1280w\" sizes=\"(max-width: 1024px) 100vw, 1024px\" \/><\/figure>\n\n\n\n<p>Adri\u00e1n Romero Mart\u00ednez, alcalde encargado, en acompa\u00f1\u00eda de 33 directores y concejales del Gabinete Municipal se encargaron de hacer las \u00faltimas entregas del a\u00f1o.<\/p>\n\n\n\n<p>Mart\u00ednez enfatiz\u00f3 la importancia del programa Sue\u00f1os Sobre Ruedas no solo como una entrega de sillas, sino como una iniciativa que transforma vidas. \u201cHoy, con el programa Sue\u00f1os Sobre Ruedas, llevamos alegr\u00eda a 18 parroquias de nuestro municipio. Estamos entregando sillas de ruedas a personas con discapacidad que solicitaron este apoyo a trav\u00e9s de la plataforma Soluciones Maracaibo o durante nuestros recorridos diarios. En este mes de diciembre, estamos cumpliendo con las solicitudes realizadas en los \u00faltimos meses. Este programa es un instrumento que transforma la vida de los marabinos\u201d.<\/p>\n\n\n\n<p>Sara Fern\u00e1ndez, directora general de Desarrollo Social, durante el mega despliegue de cierre de a\u00f1o, destac\u00f3 que el programa va m\u00e1s all\u00e1 de proporcionar algo material; se trata de ofrecer autonom\u00eda y oportunidades a quienes lo necesitan. Asimismo, expres\u00f3 un mensaje es que el apoyo brindado a trav\u00e9s de este programa tiene un efecto multiplicador en la vida de las personas y sus familiares o cuidadores, porque seg\u00fan explic\u00f3, donde hay una persona con discapacidad, hay un entorno que apoya a esa persona que tambi\u00e9n se ve beneficiado.<\/p>\n\n\n\n<p>\u201cDesde nuestra llegada a la gesti\u00f3n en diciembre de 2021, bajo el liderazgo de nuestro alcalde Rafael Ram\u00edrez Colina, nuestra principal prioridad ha sido trabajar por el bienestar de nuestra ciudadan\u00eda. A trav\u00e9s de nuestros programas, hemos podido presenciar las historias de transformaci\u00f3n que hemos impulsado. Hoy, m\u00e1s que nunca, reafirmamos nuestro compromiso de servir a la ciudad y de seguir trabajando en la construcci\u00f3n de soluciones para todos los marabinos\u201d, se\u00f1al\u00f3 Fern\u00e1ndez.<\/p>\n\n\n\n<p>Rosa Ocando, beneficiada de 71 a\u00f1os y residente del barrio Los Olivos parroquia Caracciolo Parra P\u00e9rez, recibi\u00f3 su silla de ruedas en el cuarto de su casa. Su hijo, Jes\u00fas Urdaneta de 52 a\u00f1os, comparti\u00f3 la dif\u00edcil experiencia que han enfrentado \u00e9l y su familia desde que su madre sufri\u00f3 una ca\u00edda que result\u00f3 en una fractura de f\u00e9mur, dej\u00e1ndola imposibilitada para caminar.<\/p>\n\n\n\n<figure class=\"wp-block-image size-large\"><img decoding=\"async\" width=\"1024\" height=\"683\" src=\"https:\/\/entretormentas.com\/wp-content\/uploads\/2024\/12\/image-312-1024x683.png\" alt=\"\" class=\"wp-image-11374\" srcset=\"https:\/\/entretormentas.com\/wp-content\/uploads\/2024\/12\/image-312-1024x683.png 1024w, https:\/\/entretormentas.com\/wp-content\/uploads\/2024\/12\/image-312-300x200.png 300w, https:\/\/entretormentas.com\/wp-content\/uploads\/2024\/12\/image-312-768x512.png 768w, https:\/\/entretormentas.com\/wp-content\/uploads\/2024\/12\/image-312.png 1280w\" sizes=\"(max-width: 1024px) 100vw, 1024px\" \/><\/figure>\n\n\n\n<p>Jes\u00fas expres\u00f3 con tristeza c\u00f3mo esta situaci\u00f3n ha impactado la vida de su madre: \u201cLo que m\u00e1s le ha afectado es no poder pararse de esa cama. Si necesit\u00e1bamos moverla, lo hac\u00edamos arrastrando una silla de pl\u00e1stico, lo cual era sumamente inc\u00f3modo para ella\u201d. Asimismo, resalt\u00f3 la importancia de contar con el apoyo adecuado para mejorar la calidad de vida de Rosa.\u201cEstoy muy contento por la silla de ruedas que le dieron a mi mam\u00e1, ahora ser\u00e1 m\u00e1s f\u00e1cil atenderla y trasladarla\u201d.<\/p>\n\n\n\n<p>\u201cEstoy emocionada por rodarla y poder salir\u201d expres\u00f3 con alegr\u00eda D\u00e9bora Garc\u00eda, una paciente cardi\u00f3pata de 82 a\u00f1os que vive en el barrio San Benito, en la parroquia Manuel Dagnino. La entrega de la silla fue una sorpresa muy esperada, organizada por sus vecinos y su esposo, Mauro Rangel. Desde que sufri\u00f3 un ACV, D\u00e9bora hab\u00eda enfrentado grandes dificultades para movilizarse y llevar a cabo sus actividades diarias. \u201cLe agradezco primero a Dios y luego a la Alcald\u00eda de Maracaibo por este gesto tan hermoso hacia este par de viejitos\u201d, celebr\u00f3 Rangel, visiblemente emocionado.<br><strong><em>ET \/ DCI Alcald\u00eda de Maracaibo<\/em><\/strong><\/p>\n","protected":false},"excerpt":{"rendered":"<p>ENTRE TORMENTAS. Proporcionar apoyo y mejorar la calidad de vida de los marabinos con discapacidad&#8230;<\/p>\n","protected":false},"author":2,"featured_media":11372,"comment_status":"closed","ping_status":"open","sticky":false,"template":"","format":"standard","meta":{"footnotes":""},"categories":[57,1],"tags":[],"class_list":["post-11371","post","type-post","status-publish","format-standard","has-post-thumbnail","hentry","category-actualidad","category-regionales"],"_links":{"self":[{"href":"https:\/\/entretormentas.com\/index.php?rest_route=\/wp\/v2\/posts\/11371","targetHints":{"allow":["GET"]}}],"collection":[{"href":"https:\/\/entretormentas.com\/index.php?rest_route=\/wp\/v2\/posts"}],"about":[{"href":"https:\/\/entretormentas.com\/index.php?rest_route=\/wp\/v2\/types\/post"}],"author":[{"embeddable":true,"href":"https:\/\/entretormentas.com\/index.php?rest_route=\/wp\/v2\/users\/2"}],"replies":[{"embeddable":true,"href":"https:\/\/entretormentas.com\/index.php?rest_route=%2Fwp%2Fv2%2Fcomments&post=11371"}],"version-history":[{"count":1,"href":"https:\/\/entretormentas.com\/index.php?rest_route=\/wp\/v2\/posts\/11371\/revisions"}],"predecessor-version":[{"id":11375,"href":"https:\/\/entretormentas.com\/index.php?rest_route=\/wp\/v2\/posts\/11371\/revisions\/11375"}],"wp:featuredmedia":[{"embeddable":true,"href":"https:\/\/entretormentas.com\/index.php?rest_route=\/wp\/v2\/media\/11372"}],"wp:attachment":[{"href":"https:\/\/entretormentas.com\/index.php?rest_route=%2Fwp%2Fv2%2Fmedia&parent=11371"}],"wp:term":[{"taxonomy":"category","embeddable":true,"href":"https:\/\/entretormentas.com\/index.php?rest_route=%2Fwp%2Fv2%2Fcategories&post=11371"},{"taxonomy":"post_tag","embeddable":true,"href":"https:\/\/entretormentas.com\/index.php?rest_route=%2Fwp%2Fv2%2Ftags&post=11371"}],"curies":[{"name":"wp","href":"https:\/\/api.w.org\/{rel}","templated":true}]}}