{"id":11380,"date":"2024-12-14T16:08:56","date_gmt":"2024-12-14T15:08:56","guid":{"rendered":"https:\/\/entretormentas.com\/?p=11380"},"modified":"2024-12-14T16:08:56","modified_gmt":"2024-12-14T15:08:56","slug":"alcaldia-activa-imtcuma-recupera-semaforos-vandalizados-en-la-av-16-guajira-y-la-calle-15-k","status":"publish","type":"post","link":"https:\/\/entretormentas.com\/alcaldia-activa-imtcuma-recupera-semaforos-vandalizados-en-la-av-16-guajira-y-la-calle-15-k\/","title":{"rendered":"\u00a1ALCALD\u00cdA ACTIVA! IMTCUMA recupera sem\u00e1foros vandalizados en la Av. 16 Guajira y la calle 15 K"},"content":{"rendered":"\n<p><strong>ENTRE TORMENTAS. <\/strong>El robo del cableado de dos sem\u00e1foros de la ciudad, el de la estaci\u00f3n de servici\u00f3 San Jacinto y el de la urbanizaci\u00f3n La Picola espec\u00edficamente el de la calle 15 K, oblig\u00f3 al Instituto Municipal de Transporte Colectivo y Urbano de pasajeros del Municipio Maracaibo (IMTCUMA) a desconectarlos y a iniciar trabajos para reinstalarlos lo m\u00e1s pronto posible.<\/p>\n\n\n\n<p>El hecho vand\u00e1lico ocurri\u00f3 el 12 de diciembre, dejando sin esta importante se\u00f1alizaci\u00f3n a los conductores que usan diariamente las mencionadas v\u00edas. El equipo del IMTCUMA se dirigi\u00f3 al lugar para diagnosticar los da\u00f1os ocasionados.<\/p>\n\n\n\n<p>Roberto Bosc\u00e1n, presidente del IMTCUMA, record\u00f3 que el sem\u00e1foro vandalizado de la avenida 16 Guajira, la Alcald\u00eda lo recuper\u00f3 el 9 de septiembre de 2024, luego de m\u00e1s de cinco a\u00f1os sin funcionar, mientras que el de la urbanizaci\u00f3n La Picola, en la parroquia Juana de \u00c1vila, lo encendieron en 2022 en el marco del Proyecto ALA (Alumbrado, Limpieza y Asfaltado).<\/p>\n\n\n\n<figure class=\"wp-block-image size-large\"><img fetchpriority=\"high\" decoding=\"async\" width=\"1024\" height=\"768\" src=\"https:\/\/entretormentas.com\/wp-content\/uploads\/2024\/12\/image-315-1024x768.png\" alt=\"\" class=\"wp-image-11381\" srcset=\"https:\/\/entretormentas.com\/wp-content\/uploads\/2024\/12\/image-315-1024x768.png 1024w, https:\/\/entretormentas.com\/wp-content\/uploads\/2024\/12\/image-315-300x225.png 300w, https:\/\/entretormentas.com\/wp-content\/uploads\/2024\/12\/image-315-768x576.png 768w, https:\/\/entretormentas.com\/wp-content\/uploads\/2024\/12\/image-315.png 1280w\" sizes=\"(max-width: 1024px) 100vw, 1024px\" \/><\/figure>\n\n\n\n<p>Detall\u00f3 que tras la evaluaci\u00f3n por parte del personal t\u00e9cnico de IMTCUMA se determin\u00f3 que deben restituir unos 210 metros de cable en ambas intersecciones, por lo que estiman que para el 16 o 17 de diciembre logren encender nuevamente estos sem\u00e1foros.<\/p>\n\n\n\n<p>Aprovech\u00f3 para hacer un llamado a los marabinos a que sean contralores sociales de los bienes p\u00fablicos recuperados. \u201cSiempre tenemos que estar pendiente y denunciar ante las autoridades\u201d, recalc\u00f3 Bosc\u00e1n.<\/p>\n\n\n\n<p>El presidente del IMTCUMA indic\u00f3 que ya Maracaibo para la fecha cuenta con 170 sem\u00e1foros en funcionamiento, lo que representa un 65 por ciento de toda la se\u00f1alizaci\u00f3n con la que cuenta la ciudad.<br><strong><em>ET \/ DCI Alcald\u00eda de Maracaibo<\/em><\/strong><\/p>\n","protected":false},"excerpt":{"rendered":"<p>ENTRE TORMENTAS. El robo del cableado de dos sem\u00e1foros de la ciudad, el de la&#8230;<\/p>\n","protected":false},"author":2,"featured_media":11382,"comment_status":"closed","ping_status":"open","sticky":false,"template":"","format":"standard","meta":{"footnotes":""},"categories":[57,1],"tags":[],"class_list":["post-11380","post","type-post","status-publish","format-standard","has-post-thumbnail","hentry","category-actualidad","category-regionales"],"_links":{"self":[{"href":"https:\/\/entretormentas.com\/index.php?rest_route=\/wp\/v2\/posts\/11380","targetHints":{"allow":["GET"]}}],"collection":[{"href":"https:\/\/entretormentas.com\/index.php?rest_route=\/wp\/v2\/posts"}],"about":[{"href":"https:\/\/entretormentas.com\/index.php?rest_route=\/wp\/v2\/types\/post"}],"author":[{"embeddable":true,"href":"https:\/\/entretormentas.com\/index.php?rest_route=\/wp\/v2\/users\/2"}],"replies":[{"embeddable":true,"href":"https:\/\/entretormentas.com\/index.php?rest_route=%2Fwp%2Fv2%2Fcomments&post=11380"}],"version-history":[{"count":1,"href":"https:\/\/entretormentas.com\/index.php?rest_route=\/wp\/v2\/posts\/11380\/revisions"}],"predecessor-version":[{"id":11383,"href":"https:\/\/entretormentas.com\/index.php?rest_route=\/wp\/v2\/posts\/11380\/revisions\/11383"}],"wp:featuredmedia":[{"embeddable":true,"href":"https:\/\/entretormentas.com\/index.php?rest_route=\/wp\/v2\/media\/11382"}],"wp:attachment":[{"href":"https:\/\/entretormentas.com\/index.php?rest_route=%2Fwp%2Fv2%2Fmedia&parent=11380"}],"wp:term":[{"taxonomy":"category","embeddable":true,"href":"https:\/\/entretormentas.com\/index.php?rest_route=%2Fwp%2Fv2%2Fcategories&post=11380"},{"taxonomy":"post_tag","embeddable":true,"href":"https:\/\/entretormentas.com\/index.php?rest_route=%2Fwp%2Fv2%2Ftags&post=11380"}],"curies":[{"name":"wp","href":"https:\/\/api.w.org\/{rel}","templated":true}]}}