{"id":11388,"date":"2024-12-14T16:20:31","date_gmt":"2024-12-14T15:20:31","guid":{"rendered":"https:\/\/entretormentas.com\/?p=11388"},"modified":"2024-12-14T16:20:31","modified_gmt":"2024-12-14T15:20:31","slug":"pide-liberar-presos-politicos-alto-comisionado-de-la-onu-pide-revisar-detenciones-post-28j","status":"publish","type":"post","link":"https:\/\/entretormentas.com\/pide-liberar-presos-politicos-alto-comisionado-de-la-onu-pide-revisar-detenciones-post-28j\/","title":{"rendered":"\u00a1PIDE LIBERAR PRESOS POL\u00cdTICOS! Alto Comisionado de la ONU pide revisar detenciones post 28J"},"content":{"rendered":"\n<p><strong>ENTRE TORMENTAS. <\/strong>El Alto Comisionado Volker T\u00fcrk dijo que su Oficina, que reanud\u00f3 operaciones en noviembre, est\u00e1 \u00absiguiendo de cerca\u00bb la situaci\u00f3n de los seis opositores asilados en la Embajada de Argentina. En su intervenci\u00f3n ante el Consejo de DDHH pidi\u00f3 la liberaci\u00f3n de los presos pol\u00edticos, al tiempo que mencion\u00f3 que el espacio c\u00edvico en Venezuela sigue estando restringido, la grave crisis econ\u00f3mica y las legislaciones restrictivas que se han aprobado este a\u00f1o desde la Asamblea Nacional.<\/p>\n\n\n\n<p>El Alto Comisionado de Naciones Unidas para los Derechos Humanos, Volker T\u00fcrk, solicit\u00f3 a las autoridades venezolanas a que revisen las detenciones de todas las personas detenidas tras las elecciones presidenciales, e inst\u00f3 a las autoridades a liberar sin dilaciones a todos los presos pol\u00edticos, antes y despu\u00e9s del 28 de julio.<\/p>\n\n\n\n<p>T\u00fcrk inst\u00f3 a una \u00abinvestigaci\u00f3n r\u00e1pida y efectiva sobre al menos 28 muertes que, seg\u00fan informes, incluyeron manifestantes, transe\u00fantes y miembros de las Fuerzas Armadas\u00bb, as\u00ed como a la revisi\u00f3n de los casos de las m\u00e1s de dos mil personas que fueron detenidas de forma arbitraria como \u00abadolescentes, y adultos j\u00f3venes, miembros de la oposici\u00f3n, defensores de derechos humanos, periodistas y abogados, as\u00ed como transe\u00fantes\u00bb.<\/p>\n\n\n\n<figure class=\"wp-block-image size-large\"><img fetchpriority=\"high\" decoding=\"async\" width=\"1024\" height=\"576\" src=\"https:\/\/entretormentas.com\/wp-content\/uploads\/2024\/12\/image-320-1024x576.png\" alt=\"\" class=\"wp-image-11390\" srcset=\"https:\/\/entretormentas.com\/wp-content\/uploads\/2024\/12\/image-320-1024x576.png 1024w, https:\/\/entretormentas.com\/wp-content\/uploads\/2024\/12\/image-320-300x169.png 300w, https:\/\/entretormentas.com\/wp-content\/uploads\/2024\/12\/image-320-768x432.png 768w, https:\/\/entretormentas.com\/wp-content\/uploads\/2024\/12\/image-320.png 1068w\" sizes=\"(max-width: 1024px) 100vw, 1024px\" \/><\/figure>\n\n\n\n<p>\u00abEl uso continuo de la legislaci\u00f3n antiterrorista contra manifestantes, incluidos adolescentes, y los informes de desapariciones forzadas y malos tratos son profundamente preocupantes\u00bb, afirm\u00f3.<\/p>\n\n\n\n<p>Adem\u00e1s, llam\u00f3 la atenci\u00f3n sobre \u00abla liberaci\u00f3n de todos los detenidos arbitrariamente\u00bb antes y despu\u00e9s de las elecciones presidenciales. Mencion\u00f3 los casos espec\u00edficos de defensores de derechos humanos como Roc\u00edo San Miguel \u2013de quien se difundieron unas fotos tras 10 meses detenida\u2013 y Javier Tarazona, as\u00ed como a trabajadores humanitarios.<\/p>\n\n\n\n<p>Hizo \u00e9nfasis en que las autoridades deben proporcionar \u00abgarant\u00edas de un juicio justo para los detenidos\u00bb, lo que incluye \u00abpermitirles designar un abogado de su elecci\u00f3n y proporcionar a los pueblos ind\u00edgenas int\u00e9rpretes\u00bb. La imposici\u00f3n de defensa p\u00fablica es una denuncia recurrente en los casos poselectorales.<\/p>\n\n\n\n<p>As\u00ed mismo, exhort\u00f3 a que se garanticen condiciones adecuadas de reclusi\u00f3n para todos los detenidos, al igual que atenci\u00f3n m\u00e9dica adecuada en base a los est\u00e1ndares internacionales. \u00abLas autoridades deben proporcionar alimentos adecuados, agua potable y atenci\u00f3n m\u00e9dica a todos los detenidos, muchos de los cuales est\u00e1n encarcelados en celdas hacinadas y necesitan atenci\u00f3n m\u00e9dica urgente\u00bb, resalt\u00f3.<\/p>\n\n\n\n<p>Entre otras de sus solicitudes, pidi\u00f3 a las autoridades que garanticen \u00abque todos los procesos electorales sean transparentes, inclusivos, pac\u00edficos y plenamente alineados con los est\u00e1ndares internacionales de derechos humanos\u00bb.<br><strong><em>ET \/ Agencias<\/em><\/strong><\/p>\n\n\n\n<p><\/p>\n","protected":false},"excerpt":{"rendered":"<p>ENTRE TORMENTAS. El Alto Comisionado Volker T\u00fcrk dijo que su Oficina, que reanud\u00f3 operaciones en&#8230;<\/p>\n","protected":false},"author":2,"featured_media":11389,"comment_status":"closed","ping_status":"open","sticky":false,"template":"","format":"standard","meta":{"footnotes":""},"categories":[56,48],"tags":[],"class_list":["post-11388","post","type-post","status-publish","format-standard","has-post-thumbnail","hentry","category-destacadas","category-internacionales"],"_links":{"self":[{"href":"https:\/\/entretormentas.com\/index.php?rest_route=\/wp\/v2\/posts\/11388","targetHints":{"allow":["GET"]}}],"collection":[{"href":"https:\/\/entretormentas.com\/index.php?rest_route=\/wp\/v2\/posts"}],"about":[{"href":"https:\/\/entretormentas.com\/index.php?rest_route=\/wp\/v2\/types\/post"}],"author":[{"embeddable":true,"href":"https:\/\/entretormentas.com\/index.php?rest_route=\/wp\/v2\/users\/2"}],"replies":[{"embeddable":true,"href":"https:\/\/entretormentas.com\/index.php?rest_route=%2Fwp%2Fv2%2Fcomments&post=11388"}],"version-history":[{"count":1,"href":"https:\/\/entretormentas.com\/index.php?rest_route=\/wp\/v2\/posts\/11388\/revisions"}],"predecessor-version":[{"id":11391,"href":"https:\/\/entretormentas.com\/index.php?rest_route=\/wp\/v2\/posts\/11388\/revisions\/11391"}],"wp:featuredmedia":[{"embeddable":true,"href":"https:\/\/entretormentas.com\/index.php?rest_route=\/wp\/v2\/media\/11389"}],"wp:attachment":[{"href":"https:\/\/entretormentas.com\/index.php?rest_route=%2Fwp%2Fv2%2Fmedia&parent=11388"}],"wp:term":[{"taxonomy":"category","embeddable":true,"href":"https:\/\/entretormentas.com\/index.php?rest_route=%2Fwp%2Fv2%2Fcategories&post=11388"},{"taxonomy":"post_tag","embeddable":true,"href":"https:\/\/entretormentas.com\/index.php?rest_route=%2Fwp%2Fv2%2Ftags&post=11388"}],"curies":[{"name":"wp","href":"https:\/\/api.w.org\/{rel}","templated":true}]}}