{"id":11406,"date":"2024-12-15T08:06:21","date_gmt":"2024-12-15T07:06:21","guid":{"rendered":"https:\/\/entretormentas.com\/?p=11406"},"modified":"2024-12-15T08:06:21","modified_gmt":"2024-12-15T07:06:21","slug":"gaita-con-futuro-imgra-estrena-su-himno-canto-ciudadano-protagonizado-por-las-escuelas-de-gaita","status":"publish","type":"post","link":"https:\/\/entretormentas.com\/gaita-con-futuro-imgra-estrena-su-himno-canto-ciudadano-protagonizado-por-las-escuelas-de-gaita\/","title":{"rendered":"\u00a1GAITA CON FUTURO! IMGRA estrena su himno Canto ciudadano, protagonizado por las escuelas de gaita"},"content":{"rendered":"\n<p><strong>ENTRE TORMENTAS. <\/strong>Una pieza po\u00e9tica inspirada en los valores reales y misi\u00f3n sociocultural a trav\u00e9s de la pr\u00e1ctica de la m\u00fasica, sintetiza la letra de Canto Ciudadano, la nueva gaita himno del Instituto Municipal de la Gaita Ricardo Aguirre (IMGRA) de la Alcald\u00eda de Maracaibo, estrenada el 12 de diciembre con un videoclip oficial protagonizado por su Ensamble Infantil Juvenil.<\/p>\n\n\n\n<p>La sede del Instituto ubicada en el Mercado Guajiro Artesanal San Sebasti\u00e1n en la avenida 2 (El Milagro) fue el escenario ideal para realizar el lanzamiento de la obra musical, una composici\u00f3n in\u00e9dita del poeta diamantino, Renato Aguirre Gonz\u00e1lez.<\/p>\n\n\n\n<figure class=\"wp-block-image size-large\"><img fetchpriority=\"high\" decoding=\"async\" width=\"1024\" height=\"683\" src=\"https:\/\/entretormentas.com\/wp-content\/uploads\/2024\/12\/image-329-1024x683.png\" alt=\"\" class=\"wp-image-11408\" srcset=\"https:\/\/entretormentas.com\/wp-content\/uploads\/2024\/12\/image-329-1024x683.png 1024w, https:\/\/entretormentas.com\/wp-content\/uploads\/2024\/12\/image-329-300x200.png 300w, https:\/\/entretormentas.com\/wp-content\/uploads\/2024\/12\/image-329-768x512.png 768w, https:\/\/entretormentas.com\/wp-content\/uploads\/2024\/12\/image-329.png 1280w\" sizes=\"(max-width: 1024px) 100vw, 1024px\" \/><\/figure>\n\n\n\n<p>Los 21 ni\u00f1os y j\u00f3venes del ensamble hicieron gala de su talento para ponerle m\u00fasica con voces e instrumentos al tema creado por el m\u00e1s importante exponente de la po\u00e9tica gaitera en la actualidad, hermano de El Monumental Ricardo Aguirre, bajo la producci\u00f3n de Humberto Bracho y Jos\u00e9 Leonardo Linares.<\/p>\n\n\n\n<p>El estreno se realiz\u00f3 en presencia de m\u00e1s de 150 ni\u00f1os y j\u00f3venes que representan a las 73 escuelas de gaita instauradas en Maracaibo. Con sus uniformes, energ\u00eda y colorido caracter\u00edstico, los alumnos disfrutaron de la tarde de celebraci\u00f3n para el IMGRA en conjunto a sus instructores y familiares.<\/p>\n\n\n\n<p>La obra, que describe la esencia y fundamentalidad del IMGRA en su labor abocada a la preservaci\u00f3n del g\u00e9nero a trav\u00e9s del programa musical y social de las escuelas de gaita, eleva el talento de los ni\u00f1os, ni\u00f1as y adolescentes marabinos, figuras estelares de la nueva generaci\u00f3n que ama, defiende y exalta la gaita.<\/p>\n\n\n\n<figure class=\"wp-block-image size-large\"><img decoding=\"async\" width=\"1024\" height=\"683\" src=\"https:\/\/entretormentas.com\/wp-content\/uploads\/2024\/12\/image-330-1024x683.png\" alt=\"\" class=\"wp-image-11409\" srcset=\"https:\/\/entretormentas.com\/wp-content\/uploads\/2024\/12\/image-330-1024x683.png 1024w, https:\/\/entretormentas.com\/wp-content\/uploads\/2024\/12\/image-330-300x200.png 300w, https:\/\/entretormentas.com\/wp-content\/uploads\/2024\/12\/image-330-768x512.png 768w, https:\/\/entretormentas.com\/wp-content\/uploads\/2024\/12\/image-330.png 1280w\" sizes=\"(max-width: 1024px) 100vw, 1024px\" \/><\/figure>\n\n\n\n<p>\u201cEl IMGRA sigue haciendo historia y esta p\u00e1gina est\u00e1 escrita por todos los ni\u00f1os que conforman las escuelas de gaita. Son los protagonistas de lo que hoy representa el primer canto institucional, nuestra gaita himno\u201d, expres\u00f3 la presidenta del IMGRA, Johanna Salas, sobre la nueva identidad sonora de la Instituci\u00f3n, \u00fanica por primera vez en 50 a\u00f1os.<\/p>\n\n\n\n<p>Durante la actividad, Salas entreg\u00f3 un reconocimiento a la esposa de Renato Aguirre, Aura Gonz\u00e1lez de Aguirre, en representaci\u00f3n del compositor. \u201cEl Poeta Diamantino se inspir\u00f3 en nuestros ni\u00f1os, el Instituto y eso se lo agradecemos. Es un honor que nuestro himno sea escrito por \u00e9l\u201d, expres\u00f3.<\/p>\n\n\n\n<p><strong>GRABACI\u00d3N HIST\u00d3RICA<\/strong><br>Como grandes artistas, los ni\u00f1os y j\u00f3venes protagonizaron el videoclip de este nuevo canto de la Instituci\u00f3n en los espacios de la moderna sede y locaciones donde hacen vida las escuelas municipales de gaita. La producci\u00f3n audiovisual estuvo a cargo de Sesiones Pa\u2019 Vos.<\/p>\n\n\n\n<p>Sebasti\u00e1n Baptista, Alexander Duno, Sebasti\u00e1n Melendre, Luis Alfredo Maldonado (tamboras); Jairo Pirela y Keider Ant\u00fanez (furros); Maria Rhenals y Joel Contreras (charrascas); Gabriel Eizaga (congas) y Renny Larraz\u00e1bal (cuatro); participaron en la grabaci\u00f3n de los instrumentos.<\/p>\n\n\n\n<p>En las voces destacaron como coros y solistas: Rusbelys Baptista, Lorennis Salas, Samantha S\u00e1nchez, Aranza Pedraja, Luis Pedraja, Alfredo Romero, Sebasti\u00e1n Talavera, Dana C\u00f3rdova, Paola Larr\u00e1zabal, Hendrick Rojas y Richard Fern\u00e1ndez.<\/p>\n\n\n\n<p>La gaita in\u00e9dita, ya disponible en las diferentes plataformas de streaming musical y un videoclip en YouTube, ser\u00e1 el tema que engalanar\u00e1 las muestras musicales y presentaciones de las escuelas de gaita dentro de su repertorio.<br><strong><em>ET \/ DCI Alcald\u00eda de Maracaibo<\/em><\/strong><\/p>\n\n\n\n<p><\/p>\n","protected":false},"excerpt":{"rendered":"<p>ENTRE TORMENTAS. Una pieza po\u00e9tica inspirada en los valores reales y misi\u00f3n sociocultural a trav\u00e9s&#8230;<\/p>\n","protected":false},"author":2,"featured_media":11407,"comment_status":"closed","ping_status":"open","sticky":false,"template":"","format":"standard","meta":{"footnotes":""},"categories":[57,1],"tags":[],"class_list":["post-11406","post","type-post","status-publish","format-standard","has-post-thumbnail","hentry","category-actualidad","category-regionales"],"_links":{"self":[{"href":"https:\/\/entretormentas.com\/index.php?rest_route=\/wp\/v2\/posts\/11406","targetHints":{"allow":["GET"]}}],"collection":[{"href":"https:\/\/entretormentas.com\/index.php?rest_route=\/wp\/v2\/posts"}],"about":[{"href":"https:\/\/entretormentas.com\/index.php?rest_route=\/wp\/v2\/types\/post"}],"author":[{"embeddable":true,"href":"https:\/\/entretormentas.com\/index.php?rest_route=\/wp\/v2\/users\/2"}],"replies":[{"embeddable":true,"href":"https:\/\/entretormentas.com\/index.php?rest_route=%2Fwp%2Fv2%2Fcomments&post=11406"}],"version-history":[{"count":1,"href":"https:\/\/entretormentas.com\/index.php?rest_route=\/wp\/v2\/posts\/11406\/revisions"}],"predecessor-version":[{"id":11410,"href":"https:\/\/entretormentas.com\/index.php?rest_route=\/wp\/v2\/posts\/11406\/revisions\/11410"}],"wp:featuredmedia":[{"embeddable":true,"href":"https:\/\/entretormentas.com\/index.php?rest_route=\/wp\/v2\/media\/11407"}],"wp:attachment":[{"href":"https:\/\/entretormentas.com\/index.php?rest_route=%2Fwp%2Fv2%2Fmedia&parent=11406"}],"wp:term":[{"taxonomy":"category","embeddable":true,"href":"https:\/\/entretormentas.com\/index.php?rest_route=%2Fwp%2Fv2%2Fcategories&post=11406"},{"taxonomy":"post_tag","embeddable":true,"href":"https:\/\/entretormentas.com\/index.php?rest_route=%2Fwp%2Fv2%2Ftags&post=11406"}],"curies":[{"name":"wp","href":"https:\/\/api.w.org\/{rel}","templated":true}]}}