{"id":11416,"date":"2024-12-15T08:14:58","date_gmt":"2024-12-15T07:14:58","guid":{"rendered":"https:\/\/entretormentas.com\/?p=11416"},"modified":"2024-12-15T08:14:58","modified_gmt":"2024-12-15T07:14:58","slug":"polemico-murio-el-preso-politico-jesus-rafael-alvarez-en-la-carcel-de-tocuyito","status":"publish","type":"post","link":"https:\/\/entretormentas.com\/polemico-murio-el-preso-politico-jesus-rafael-alvarez-en-la-carcel-de-tocuyito\/","title":{"rendered":"\u00a1POL\u00c9MICO! Muri\u00f3 el preso pol\u00edtico Jes\u00fas Rafael \u00c1lvarez en la c\u00e1rcel de Tocuyito"},"content":{"rendered":"\n<p><strong>ENTRE TORMENTAS. <\/strong>La ONG Una Ventana a la Libertad denunci\u00f3 la muerte del preso pol\u00edtico Jes\u00fas Rafael \u00c1lvarez, quien estaba detenido en el Complejo Penitenciario Carabobo, en Tocuyito, tras haber sido arrestado en el contexto de las protestas poselectorales.<\/p>\n\n\n\n<p>\u00c1lvarez falleci\u00f3 el jueves 12 de diciembre bajo custodia del Estado por causas que hasta los momentos se desconocen. \u00abSe supo que le fue negada atenci\u00f3n m\u00e9dica. Fue trasladado a la enfermer\u00eda del penal, luego de que sus compa\u00f1eros de celda protestaran por su grave estado de salud\u00bb, denunci\u00f3 el Comit\u00e9 por la Libertad de los Presos Pol\u00edticos (CLIPP).<\/p>\n\n\n\n<p>El cuerpo del preso pol\u00edtico fue llevado en horas de la madrugada de este viernes 13 hasta el Departamento de Patolog\u00eda del Servicio Nacional de Medicina y Ciencias Forenses (Senamecf).<\/p>\n\n\n\n<p>\u201cEl Sr. Rafael \u00c1lvarez era un hombre trabajador. Fue detenido arbitrariamente el 2 de agosto, en El Callao, estado Bol\u00edvar, junto a su esposa, la Sra. Anny Su\u00e1rez, luego de que efectivos de la DGCIM, sin orden de captura, los sacaron de su casa por una supuesta investigaci\u00f3n. Fueron puestos a la orden del Ministerio P\u00fablico, que los proces\u00f3 por supuestos hechos de terrorismo e instigaci\u00f3n al odio. La Sra. Anny se encuentra actualmente detenida injustamente en el Destacamento 625 de la GNB, en Puerto Ordaz, estado Bol\u00edvar\u201d, denunci\u00f3 el Comit\u00e9 por la Libertad de los Presos Pol\u00edticos.<\/p>\n\n\n\n<p>Con Jes\u00fas Rafael \u00c1lvarez ya son dos los detenidos en las protestas poselectorales que han muerto bajo custodia del r\u00e9gimen, luego de que el pasado 14 de noviembre falleciera por falta de atenci\u00f3n m\u00e9dica el preso pol\u00edtico Jes\u00fas Mart\u00ednez Medina en Anzo\u00e1tegui.<br><strong><em>ET \/ Monitoreamos<\/em><\/strong><\/p>\n","protected":false},"excerpt":{"rendered":"<p>ENTRE TORMENTAS. La ONG Una Ventana a la Libertad denunci\u00f3 la muerte del preso pol\u00edtico&#8230;<\/p>\n","protected":false},"author":2,"featured_media":11417,"comment_status":"closed","ping_status":"open","sticky":false,"template":"","format":"standard","meta":{"footnotes":""},"categories":[56,49],"tags":[],"class_list":["post-11416","post","type-post","status-publish","format-standard","has-post-thumbnail","hentry","category-destacadas","category-nacionales"],"_links":{"self":[{"href":"https:\/\/entretormentas.com\/index.php?rest_route=\/wp\/v2\/posts\/11416","targetHints":{"allow":["GET"]}}],"collection":[{"href":"https:\/\/entretormentas.com\/index.php?rest_route=\/wp\/v2\/posts"}],"about":[{"href":"https:\/\/entretormentas.com\/index.php?rest_route=\/wp\/v2\/types\/post"}],"author":[{"embeddable":true,"href":"https:\/\/entretormentas.com\/index.php?rest_route=\/wp\/v2\/users\/2"}],"replies":[{"embeddable":true,"href":"https:\/\/entretormentas.com\/index.php?rest_route=%2Fwp%2Fv2%2Fcomments&post=11416"}],"version-history":[{"count":1,"href":"https:\/\/entretormentas.com\/index.php?rest_route=\/wp\/v2\/posts\/11416\/revisions"}],"predecessor-version":[{"id":11418,"href":"https:\/\/entretormentas.com\/index.php?rest_route=\/wp\/v2\/posts\/11416\/revisions\/11418"}],"wp:featuredmedia":[{"embeddable":true,"href":"https:\/\/entretormentas.com\/index.php?rest_route=\/wp\/v2\/media\/11417"}],"wp:attachment":[{"href":"https:\/\/entretormentas.com\/index.php?rest_route=%2Fwp%2Fv2%2Fmedia&parent=11416"}],"wp:term":[{"taxonomy":"category","embeddable":true,"href":"https:\/\/entretormentas.com\/index.php?rest_route=%2Fwp%2Fv2%2Fcategories&post=11416"},{"taxonomy":"post_tag","embeddable":true,"href":"https:\/\/entretormentas.com\/index.php?rest_route=%2Fwp%2Fv2%2Ftags&post=11416"}],"curies":[{"name":"wp","href":"https:\/\/api.w.org\/{rel}","templated":true}]}}