{"id":1144,"date":"2024-04-14T10:39:56","date_gmt":"2024-04-14T08:39:56","guid":{"rendered":"https:\/\/entretormentas.com\/?p=1144"},"modified":"2024-04-14T10:39:57","modified_gmt":"2024-04-14T08:39:57","slug":"66-familias-beneficiadas-alcalde-luis-caldera-inaugura-el-acueducto-comunitario-37-en-las-parcelas","status":"publish","type":"post","link":"https:\/\/entretormentas.com\/66-familias-beneficiadas-alcalde-luis-caldera-inaugura-el-acueducto-comunitario-37-en-las-parcelas\/","title":{"rendered":"\u00a166 FAMILIAS BENEFICIADAS! Alcalde Luis Caldera inaugura el acueducto comunitario 37 en Las Parcelas"},"content":{"rendered":"\n<p><strong>ENTRE TORMENTAS. <\/strong>Campo adentro, desde la comunidad ind\u00edgena La Tetona, de la parroquia Las Parcelas, el Gobierno del presidente Nicol\u00e1s Maduro, a TRAV\u00c9S del Ministerio del Poder Popular de Atenci\u00f3n de las Aguas y la Alcald\u00eda Bolivariana de Mara, inaugur\u00f3 este s\u00e1bado 13 de abril de 2024, el acueducto rural comunitario n\u00famero 37 de la localidad.<\/p>\n\n\n\n<p>Con esta nueva entrega, la segunda en 24 horas, al menos 67 familias de la zona ser\u00e1n beneficiadas directamente con el acceso al agua potable.<\/p>\n\n\n\n<p>La actividad fue encabezada por el alcalde Luis Caldera, quien estuvo acompa\u00f1ado del Poder Popular organizado.<\/p>\n\n\n\n<figure class=\"wp-block-image size-full\"><img fetchpriority=\"high\" decoding=\"async\" width=\"1024\" height=\"576\" src=\"https:\/\/entretormentas.com\/wp-content\/uploads\/2024\/04\/luis-caldera-acueducto2.jpg\" alt=\"\" class=\"wp-image-1145\" srcset=\"https:\/\/entretormentas.com\/wp-content\/uploads\/2024\/04\/luis-caldera-acueducto2.jpg 1024w, https:\/\/entretormentas.com\/wp-content\/uploads\/2024\/04\/luis-caldera-acueducto2-300x169.jpg 300w, https:\/\/entretormentas.com\/wp-content\/uploads\/2024\/04\/luis-caldera-acueducto2-768x432.jpg 768w\" sizes=\"(max-width: 1024px) 100vw, 1024px\" \/><\/figure>\n\n\n\n<p>La autoridad marense destac\u00f3 que \u00abdesde el Gobierno nacional se contin\u00faa brindando todo el apoyo para la culminaci\u00f3n de m\u00e1s acueductos en el municipio\u00bb.<\/p>\n\n\n\n<p>\u00abHoy s\u00e1bado 13 de abril, de trabajo, d\u00eda del Poder Popular y la Milicia, el Gobierno del presidente Nicol\u00e1s Maduro, a trav\u00e9s del Ministerio del Poder Popular de Atenci\u00f3n de las Aguas, y la Alcald\u00eda Bolivariana de Mara, junto a la Organizaci\u00f3n de Naciones Unidas para la Alimentaci\u00f3n y la Agricultura (FAO) y esta comunidad entregamos el acueducto n\u00famero 37, garantizando agua para el pueblo\u00bb, expres\u00f3 el Alcalde.<\/p>\n\n\n\n<p><strong>CENSO PARA PRODUCTORES<\/strong><br>Caldera adem\u00e1s invit\u00f3 a las comunidades a participar en el censo de peque\u00f1os productores para potenciar el uso del vital l\u00edquido, para la siembra y producci\u00f3n, as\u00ed como en el mejoramiento gen\u00e9tico.<\/p>\n\n\n\n<p>Soila Gonz\u00e1lez, vocera de la comunidad La Tetona, manifest\u00f3 que el trabajo y la constancia permitieron que 67 familias cuenten con su acueducto. \u00abCelebramos este apoyo del presidente Maduro, que por la bondad de Dios, hoy cumple el sue\u00f1o de esta comunidad, somos bendecidos por nuestro se\u00f1or y este gran gobierno de Mara\u00bb.<\/p>\n\n\n\n<p>La Ruta de los Servicios B\u00e1sicos contin\u00faa con la dotaci\u00f3n de equipos a trav\u00e9s del Programa La Ruta del Agua.<br><strong><em>GS \/ Nota de Prensa<\/em><\/strong><\/p>\n","protected":false},"excerpt":{"rendered":"<p>ENTRE TORMENTAS. Campo adentro, desde la comunidad ind\u00edgena La Tetona, de la parroquia Las Parcelas,&#8230;<\/p>\n","protected":false},"author":2,"featured_media":1146,"comment_status":"closed","ping_status":"open","sticky":false,"template":"","format":"standard","meta":{"footnotes":""},"categories":[57,1],"tags":[],"class_list":["post-1144","post","type-post","status-publish","format-standard","has-post-thumbnail","hentry","category-actualidad","category-regionales"],"_links":{"self":[{"href":"https:\/\/entretormentas.com\/index.php?rest_route=\/wp\/v2\/posts\/1144","targetHints":{"allow":["GET"]}}],"collection":[{"href":"https:\/\/entretormentas.com\/index.php?rest_route=\/wp\/v2\/posts"}],"about":[{"href":"https:\/\/entretormentas.com\/index.php?rest_route=\/wp\/v2\/types\/post"}],"author":[{"embeddable":true,"href":"https:\/\/entretormentas.com\/index.php?rest_route=\/wp\/v2\/users\/2"}],"replies":[{"embeddable":true,"href":"https:\/\/entretormentas.com\/index.php?rest_route=%2Fwp%2Fv2%2Fcomments&post=1144"}],"version-history":[{"count":1,"href":"https:\/\/entretormentas.com\/index.php?rest_route=\/wp\/v2\/posts\/1144\/revisions"}],"predecessor-version":[{"id":1147,"href":"https:\/\/entretormentas.com\/index.php?rest_route=\/wp\/v2\/posts\/1144\/revisions\/1147"}],"wp:featuredmedia":[{"embeddable":true,"href":"https:\/\/entretormentas.com\/index.php?rest_route=\/wp\/v2\/media\/1146"}],"wp:attachment":[{"href":"https:\/\/entretormentas.com\/index.php?rest_route=%2Fwp%2Fv2%2Fmedia&parent=1144"}],"wp:term":[{"taxonomy":"category","embeddable":true,"href":"https:\/\/entretormentas.com\/index.php?rest_route=%2Fwp%2Fv2%2Fcategories&post=1144"},{"taxonomy":"post_tag","embeddable":true,"href":"https:\/\/entretormentas.com\/index.php?rest_route=%2Fwp%2Fv2%2Ftags&post=1144"}],"curies":[{"name":"wp","href":"https:\/\/api.w.org\/{rel}","templated":true}]}}