{"id":11449,"date":"2024-12-16T09:01:21","date_gmt":"2024-12-16T08:01:21","guid":{"rendered":"https:\/\/entretormentas.com\/?p=11449"},"modified":"2024-12-16T09:01:21","modified_gmt":"2024-12-16T08:01:21","slug":"enrique-marquez-ante-muerte-de-jesus-alvarez-maduro-insiste-en-el-camino-de-la-represion","status":"publish","type":"post","link":"https:\/\/entretormentas.com\/enrique-marquez-ante-muerte-de-jesus-alvarez-maduro-insiste-en-el-camino-de-la-represion\/","title":{"rendered":"ENRIQUE M\u00c1RQUEZ ANTE MUERTE DE JES\u00daS \u00c1LVAREZ: \u201cMaduro insiste en el camino de la represi\u00f3n\u201d"},"content":{"rendered":"\n<p><strong>ENTRE TORMENTAS. <\/strong>El excandidato presidencial, Enrique M\u00e1rquez, exigi\u00f3 este domingo, 15 de diciembre, justicia para la familia del preso pol\u00edtico Jes\u00fas \u00c1lvarez, quien muri\u00f3 cuando estaba recluido en la c\u00e1rcel de Tocuyito, bajo custodia del gobierno de Nicol\u00e1s Maduro.<\/p>\n\n\n\n<p>\u201cMaduro insiste en tomar el camino de la represi\u00f3n y la negaci\u00f3n de los derechos de los ciudadanos, generando una situaci\u00f3n de terror en la ciudadan\u00eda. Esto debe parar. Exigimos justicia en el caso de Jes\u00fas \u00c1lvarez, se aclare lo ocurrido con su muerte y se permita su sepelio en el seno de su familia\u201d, dijo a trav\u00e9s de su cuenta en la red social X.<\/p>\n\n\n\n<p>M\u00e1rquez asegur\u00f3 que el gobierno no obtiene ning\u00fan beneficio al mantener a m\u00e1s de mil 900 presos pol\u00edticos. \u201cExigimos su liberaci\u00f3n conforme a la ley y la Constituci\u00f3n de la Rep\u00fablica Bolivariana de Venezuela\u201d, dijo.<br><strong><em>ET \/ Agencias<\/em><\/strong><\/p>\n","protected":false},"excerpt":{"rendered":"<p>ENTRE TORMENTAS. El excandidato presidencial, Enrique M\u00e1rquez, exigi\u00f3 este domingo, 15 de diciembre, justicia para&#8230;<\/p>\n","protected":false},"author":2,"featured_media":11450,"comment_status":"closed","ping_status":"open","sticky":false,"template":"","format":"standard","meta":{"footnotes":""},"categories":[56,49],"tags":[],"class_list":["post-11449","post","type-post","status-publish","format-standard","has-post-thumbnail","hentry","category-destacadas","category-nacionales"],"_links":{"self":[{"href":"https:\/\/entretormentas.com\/index.php?rest_route=\/wp\/v2\/posts\/11449","targetHints":{"allow":["GET"]}}],"collection":[{"href":"https:\/\/entretormentas.com\/index.php?rest_route=\/wp\/v2\/posts"}],"about":[{"href":"https:\/\/entretormentas.com\/index.php?rest_route=\/wp\/v2\/types\/post"}],"author":[{"embeddable":true,"href":"https:\/\/entretormentas.com\/index.php?rest_route=\/wp\/v2\/users\/2"}],"replies":[{"embeddable":true,"href":"https:\/\/entretormentas.com\/index.php?rest_route=%2Fwp%2Fv2%2Fcomments&post=11449"}],"version-history":[{"count":1,"href":"https:\/\/entretormentas.com\/index.php?rest_route=\/wp\/v2\/posts\/11449\/revisions"}],"predecessor-version":[{"id":11451,"href":"https:\/\/entretormentas.com\/index.php?rest_route=\/wp\/v2\/posts\/11449\/revisions\/11451"}],"wp:featuredmedia":[{"embeddable":true,"href":"https:\/\/entretormentas.com\/index.php?rest_route=\/wp\/v2\/media\/11450"}],"wp:attachment":[{"href":"https:\/\/entretormentas.com\/index.php?rest_route=%2Fwp%2Fv2%2Fmedia&parent=11449"}],"wp:term":[{"taxonomy":"category","embeddable":true,"href":"https:\/\/entretormentas.com\/index.php?rest_route=%2Fwp%2Fv2%2Fcategories&post=11449"},{"taxonomy":"post_tag","embeddable":true,"href":"https:\/\/entretormentas.com\/index.php?rest_route=%2Fwp%2Fv2%2Ftags&post=11449"}],"curies":[{"name":"wp","href":"https:\/\/api.w.org\/{rel}","templated":true}]}}