{"id":11452,"date":"2024-12-16T09:03:21","date_gmt":"2024-12-16T08:03:21","guid":{"rendered":"https:\/\/entretormentas.com\/?p=11452"},"modified":"2024-12-16T09:03:22","modified_gmt":"2024-12-16T08:03:22","slug":"y-para-corea-del-norte-trump-designa-a-richard-grenell-como-enviado-presidencial-para-venezuela","status":"publish","type":"post","link":"https:\/\/entretormentas.com\/y-para-corea-del-norte-trump-designa-a-richard-grenell-como-enviado-presidencial-para-venezuela\/","title":{"rendered":"\u00a1Y PARA COREA DEL NORTE! Trump designa a Richard Grenell como enviado presidencial para Venezuela"},"content":{"rendered":"\n<p><strong>ENTRE TORMENTAS. <\/strong>El presidente electo de Estados Unidos, Donald Trump, anunci\u00f3 este domingo que Richard Allen Grenell ser\u00e1 el enviado presidencial para misiones especiales.<\/p>\n\n\n\n<p>\u201cMe complace anunciar a Richard Allen Grenell como nuestro enviado presidencial para misiones especiales. Ric trabajar\u00e1 en algunos de los lugares m\u00e1s conflictivos del mundo, incluyendo Venezuela y Corea del Norte\u201d, dijo Trump en Truth Social.<\/p>\n\n\n\n<p>El republicano destac\u00f3 el desempe\u00f1o de Grenell al frente de la Embajada de Estados Unidos en Alemania durante su anterior mandato, as\u00ed como su actuaci\u00f3n como director interino de Inteligencia Nacional y enviado presidencial para las negociaciones entre Kosovo y Serbia durante el mismo periodo.<\/p>\n\n\n\n<p>\u201cAnteriormente, pas\u00f3 ocho a\u00f1os en el Consejo de Seguridad de Naciones Unidas, trabajando con Corea del Norte y en asuntos relacionados con los acontecimientos en muchos otros pa\u00edses\u201d, agreg\u00f3 Trump.<\/p>\n\n\n\n<p>Adem\u00e1s, hizo hincapi\u00e9 en su formaci\u00f3n acad\u00e9mica. \u201cRic seguir\u00e1 luchando por la paz a trav\u00e9s de la fuerza y siempre pondr\u00e1 a los Estados Unidos en primer lugar\u201d, cerr\u00f3.<\/p>\n\n\n\n<p>La posici\u00f3n de Trump respecto a Venezuela ha sido una inc\u00f3gnita hasta el d\u00eda de hoy. En su primer mandato presidencial, el magnate inmobiliario respald\u00f3 a Juan Guaid\u00f3 como \u201cpresidente interino\u201d de Venezuela e impuso sanciones contra el Gobierno de Nicol\u00e1s Maduro.<\/p>\n\n\n\n<p>Dichas sanciones incluyen la congelaci\u00f3n de los bienes de funcionarios venezolanos sujetos a la jurisdicci\u00f3n de EEUU y prohibieron a sus ciudadanos que hicieran transacciones con ellos.<\/p>\n\n\n\n<p>Adem\u00e1s, Washington prohibi\u00f3 a los bancos estadounidenses comprar bonos del Gobierno venezolano y de la petrolera estatal Petr\u00f3leos de Venezuela (Pdvsa), entre otras medidas.<br><strong><em>ET \/ Agencias<\/em><\/strong><\/p>\n","protected":false},"excerpt":{"rendered":"<p>ENTRE TORMENTAS. El presidente electo de Estados Unidos, Donald Trump, anunci\u00f3 este domingo que Richard&#8230;<\/p>\n","protected":false},"author":2,"featured_media":11453,"comment_status":"closed","ping_status":"open","sticky":false,"template":"","format":"standard","meta":{"footnotes":""},"categories":[56,48],"tags":[],"class_list":["post-11452","post","type-post","status-publish","format-standard","has-post-thumbnail","hentry","category-destacadas","category-internacionales"],"_links":{"self":[{"href":"https:\/\/entretormentas.com\/index.php?rest_route=\/wp\/v2\/posts\/11452","targetHints":{"allow":["GET"]}}],"collection":[{"href":"https:\/\/entretormentas.com\/index.php?rest_route=\/wp\/v2\/posts"}],"about":[{"href":"https:\/\/entretormentas.com\/index.php?rest_route=\/wp\/v2\/types\/post"}],"author":[{"embeddable":true,"href":"https:\/\/entretormentas.com\/index.php?rest_route=\/wp\/v2\/users\/2"}],"replies":[{"embeddable":true,"href":"https:\/\/entretormentas.com\/index.php?rest_route=%2Fwp%2Fv2%2Fcomments&post=11452"}],"version-history":[{"count":1,"href":"https:\/\/entretormentas.com\/index.php?rest_route=\/wp\/v2\/posts\/11452\/revisions"}],"predecessor-version":[{"id":11454,"href":"https:\/\/entretormentas.com\/index.php?rest_route=\/wp\/v2\/posts\/11452\/revisions\/11454"}],"wp:featuredmedia":[{"embeddable":true,"href":"https:\/\/entretormentas.com\/index.php?rest_route=\/wp\/v2\/media\/11453"}],"wp:attachment":[{"href":"https:\/\/entretormentas.com\/index.php?rest_route=%2Fwp%2Fv2%2Fmedia&parent=11452"}],"wp:term":[{"taxonomy":"category","embeddable":true,"href":"https:\/\/entretormentas.com\/index.php?rest_route=%2Fwp%2Fv2%2Fcategories&post=11452"},{"taxonomy":"post_tag","embeddable":true,"href":"https:\/\/entretormentas.com\/index.php?rest_route=%2Fwp%2Fv2%2Ftags&post=11452"}],"curies":[{"name":"wp","href":"https:\/\/api.w.org\/{rel}","templated":true}]}}