{"id":11455,"date":"2024-12-16T09:05:31","date_gmt":"2024-12-16T08:05:31","guid":{"rendered":"https:\/\/entretormentas.com\/?p=11455"},"modified":"2024-12-16T09:05:31","modified_gmt":"2024-12-16T08:05:31","slug":"desde-el-tsj-tania-d-amelio-informo-que-jueces-de-paz-tendran-un-periodo-de-tres-anos","status":"publish","type":"post","link":"https:\/\/entretormentas.com\/desde-el-tsj-tania-d-amelio-informo-que-jueces-de-paz-tendran-un-periodo-de-tres-anos\/","title":{"rendered":"\u00a1DESDE EL TSJ! Tania D\u2019 Amelio inform\u00f3 que Jueces de Paz tendr\u00e1n un per\u00edodo de tres a\u00f1os"},"content":{"rendered":"\n<p><strong>ENTRE TORMENTAS. <\/strong>La presidenta de la Sala Constitucional del Tribunal Supremo de Justicia (TSJ), Tania D\u2019 Amelio, detall\u00f3 este domingo que los Jueces y Juezas de Paz electos tendr\u00e1n un per\u00edodo de tres a\u00f1os para ejercer sus funciones en las comunas correspondientes.<\/p>\n\n\n\n<p>Durante una rueda de prensa ofrecida por la Comisi\u00f3n Electoral para las Elecciones de los Jueces y Juezas de Paz, D\u2019 Amelio detall\u00f3 que los jueces electos van a tener tres a\u00f1os de funciones y \u00abser\u00e1n los jueces de esa estructura quienes van a decidir qui\u00e9n va a coordinar cada a\u00f1o, es decir si tienes tres a\u00f1os, son tres jueces principales y suplentes, ellos deciden qui\u00e9n va a coordinar el primer a\u00f1o, el segundo y tercer a\u00f1o\u00bb.<\/p>\n\n\n\n<p>En ese sentido, resalt\u00f3 que el trabajo de los jueces ser\u00e1 la resoluci\u00f3n de conflictos y problem\u00e1ticas en las comunidades, por ello, mencion\u00f3 que es importante que los postulados tengan por lo menos 3 a\u00f1os viviendo en el territorio.<\/p>\n\n\n\n<p>Tambi\u00e9n destac\u00f3 que los jueces electos ser\u00e1n capacitados en la Escuela de la Magistratura. \u00abVamos a pasar a un plan de formaci\u00f3n y capacitaci\u00f3n, vamos a iniciar el primer mes en una formaci\u00f3n para todos los hombres y mujeres que quedaron electos, incluyendo los Comit\u00e9s de Justicia de Paz Comunal\u00bb, especific\u00f3.<\/p>\n\n\n\n<p>Finalmente, record\u00f3 que los jueces y juezas de paz no ser\u00e1n abandonados de ninguna manera y que siempre estar\u00e1n acompa\u00f1ados por las autoridades para cualquier apoyo.<br><strong><em>ET \/ Agencias<\/em><\/strong><\/p>\n","protected":false},"excerpt":{"rendered":"<p>ENTRE TORMENTAS. La presidenta de la Sala Constitucional del Tribunal Supremo de Justicia (TSJ), Tania&#8230;<\/p>\n","protected":false},"author":2,"featured_media":11456,"comment_status":"closed","ping_status":"open","sticky":false,"template":"","format":"standard","meta":{"footnotes":""},"categories":[56,49],"tags":[],"class_list":["post-11455","post","type-post","status-publish","format-standard","has-post-thumbnail","hentry","category-destacadas","category-nacionales"],"_links":{"self":[{"href":"https:\/\/entretormentas.com\/index.php?rest_route=\/wp\/v2\/posts\/11455","targetHints":{"allow":["GET"]}}],"collection":[{"href":"https:\/\/entretormentas.com\/index.php?rest_route=\/wp\/v2\/posts"}],"about":[{"href":"https:\/\/entretormentas.com\/index.php?rest_route=\/wp\/v2\/types\/post"}],"author":[{"embeddable":true,"href":"https:\/\/entretormentas.com\/index.php?rest_route=\/wp\/v2\/users\/2"}],"replies":[{"embeddable":true,"href":"https:\/\/entretormentas.com\/index.php?rest_route=%2Fwp%2Fv2%2Fcomments&post=11455"}],"version-history":[{"count":1,"href":"https:\/\/entretormentas.com\/index.php?rest_route=\/wp\/v2\/posts\/11455\/revisions"}],"predecessor-version":[{"id":11457,"href":"https:\/\/entretormentas.com\/index.php?rest_route=\/wp\/v2\/posts\/11455\/revisions\/11457"}],"wp:featuredmedia":[{"embeddable":true,"href":"https:\/\/entretormentas.com\/index.php?rest_route=\/wp\/v2\/media\/11456"}],"wp:attachment":[{"href":"https:\/\/entretormentas.com\/index.php?rest_route=%2Fwp%2Fv2%2Fmedia&parent=11455"}],"wp:term":[{"taxonomy":"category","embeddable":true,"href":"https:\/\/entretormentas.com\/index.php?rest_route=%2Fwp%2Fv2%2Fcategories&post=11455"},{"taxonomy":"post_tag","embeddable":true,"href":"https:\/\/entretormentas.com\/index.php?rest_route=%2Fwp%2Fv2%2Ftags&post=11455"}],"curies":[{"name":"wp","href":"https:\/\/api.w.org\/{rel}","templated":true}]}}