{"id":11458,"date":"2024-12-16T09:07:40","date_gmt":"2024-12-16T08:07:40","guid":{"rendered":"https:\/\/entretormentas.com\/?p=11458"},"modified":"2024-12-16T09:07:40","modified_gmt":"2024-12-16T08:07:40","slug":"tras-comicios-de-jueces-de-paz-maduro-anuncia-nuevas-elecciones-para-el-proximo-26-en-de-2025","status":"publish","type":"post","link":"https:\/\/entretormentas.com\/tras-comicios-de-jueces-de-paz-maduro-anuncia-nuevas-elecciones-para-el-proximo-26-en-de-2025\/","title":{"rendered":"\u00a1TRAS COMICIOS DE JUECES DE PAZ! Maduro anuncia nuevas elecciones para el pr\u00f3ximo 26-En de 2025"},"content":{"rendered":"\n<p><strong>ENTRE TORMENTAS.<\/strong> El presidente Nicol\u00e1s Maduro anunci\u00f3 este domingo que convocar\u00e1 a la primera elecci\u00f3n de 2025 para el 26 de enero, la cual estar\u00e1 dirigida a consultar los proyectos de las comunidades. La consulta, ser\u00e1 la primera de las cuatro que se har\u00e1n anualmente.<\/p>\n\n\n\n<p>\u00abEl 10 de enero nos juramentamos todo el pa\u00eds y el 26 de enero, domingo bendito, vamos a la primera consulta popular del a\u00f1o\u00bb, dijo el mandatario.<\/p>\n\n\n\n<p>Con respecto a las elecciones de jueces y juezas de paz que se llevaron a cabo este domingo, Maduro asegur\u00f3: \u00abSomos la mayor garant\u00eda de la paz, de la pol\u00edtica, de la soberan\u00eda popular. Los circuitos comunales salieron a ejercer hoy su derecho al voto, ya los jueces de paz deben estar para defender a las comunidades\u00bb.<\/p>\n\n\n\n<p>\u00abEl a\u00f1o 2024 es la consolidaci\u00f3n de la paz y la verdad de Venezuela , hay que darle gracias al pueblo y a Dios por iluminarnos el camino frente a los generadores de odio, fascistas. A esta hora los fascistas les arde de odio. Este a\u00f1o hemos tenido tres consultas con esta\u00bb, indic\u00f3.<\/p>\n\n\n\n<p>Explic\u00f3 que el \u00abpresidente Ch\u00e1vez fue el que nos educ\u00f3, nos form\u00f3, estamos transitando el camino del gigante. Estamos hoy en los mejores momentos, m\u00e1s fuertes que nunca, con m\u00e1s poder popular que nunca, la Revoluci\u00f3n est\u00e1 m\u00e1s consolidada que nunca, hay proyecto, hay amor. La democracia verdadera es la de todos los d\u00edas, directa, que se convoca, educa, promueve, debate contigo y da poder de decisi\u00f3n\u00bb.<br><strong><em>ET \/ 2001<\/em><\/strong><\/p>\n","protected":false},"excerpt":{"rendered":"<p>ENTRE TORMENTAS. El presidente Nicol\u00e1s Maduro anunci\u00f3 este domingo que convocar\u00e1 a la primera elecci\u00f3n&#8230;<\/p>\n","protected":false},"author":2,"featured_media":11459,"comment_status":"closed","ping_status":"open","sticky":false,"template":"","format":"standard","meta":{"footnotes":""},"categories":[56,49],"tags":[],"class_list":["post-11458","post","type-post","status-publish","format-standard","has-post-thumbnail","hentry","category-destacadas","category-nacionales"],"_links":{"self":[{"href":"https:\/\/entretormentas.com\/index.php?rest_route=\/wp\/v2\/posts\/11458","targetHints":{"allow":["GET"]}}],"collection":[{"href":"https:\/\/entretormentas.com\/index.php?rest_route=\/wp\/v2\/posts"}],"about":[{"href":"https:\/\/entretormentas.com\/index.php?rest_route=\/wp\/v2\/types\/post"}],"author":[{"embeddable":true,"href":"https:\/\/entretormentas.com\/index.php?rest_route=\/wp\/v2\/users\/2"}],"replies":[{"embeddable":true,"href":"https:\/\/entretormentas.com\/index.php?rest_route=%2Fwp%2Fv2%2Fcomments&post=11458"}],"version-history":[{"count":1,"href":"https:\/\/entretormentas.com\/index.php?rest_route=\/wp\/v2\/posts\/11458\/revisions"}],"predecessor-version":[{"id":11460,"href":"https:\/\/entretormentas.com\/index.php?rest_route=\/wp\/v2\/posts\/11458\/revisions\/11460"}],"wp:featuredmedia":[{"embeddable":true,"href":"https:\/\/entretormentas.com\/index.php?rest_route=\/wp\/v2\/media\/11459"}],"wp:attachment":[{"href":"https:\/\/entretormentas.com\/index.php?rest_route=%2Fwp%2Fv2%2Fmedia&parent=11458"}],"wp:term":[{"taxonomy":"category","embeddable":true,"href":"https:\/\/entretormentas.com\/index.php?rest_route=%2Fwp%2Fv2%2Fcategories&post=11458"},{"taxonomy":"post_tag","embeddable":true,"href":"https:\/\/entretormentas.com\/index.php?rest_route=%2Fwp%2Fv2%2Ftags&post=11458"}],"curies":[{"name":"wp","href":"https:\/\/api.w.org\/{rel}","templated":true}]}}