{"id":11461,"date":"2024-12-16T09:13:48","date_gmt":"2024-12-16T08:13:48","guid":{"rendered":"https:\/\/entretormentas.com\/?p=11461"},"modified":"2024-12-16T09:13:49","modified_gmt":"2024-12-16T08:13:49","slug":"contra-el-pachuca-real-madrid-ya-prepara-el-partido-por-la-final-de-la-copa-intercontinental-de-la-fifa","status":"publish","type":"post","link":"https:\/\/entretormentas.com\/contra-el-pachuca-real-madrid-ya-prepara-el-partido-por-la-final-de-la-copa-intercontinental-de-la-fifa\/","title":{"rendered":"\u00a1CONTRA EL PACHUCA! Real Madrid ya prepara el partido por la final de la Copa Intercontinental de la FIFA"},"content":{"rendered":"\n<p><strong>ENTRE TORMENTAS. <\/strong>El Real Madrid inici\u00f3 el domingo con una sesi\u00f3n en la ciudad deportiva de Valdebebas, sin el franc\u00e9s Kylian Mbapp\u00e9 en el reducido grupo que se ejercit\u00f3 a las \u00f3rdenes de Carlo Ancelotti, la final de la Copa Intercontinental que disputa el mi\u00e9rcoles ante Pachuca en Catar, rese\u00f1a Mundo UR.<\/p>\n\n\n\n<p>El conjunto madridista complet\u00f3 el primero de los entrenamientos que realizar\u00e1 en la capital de Espa\u00f1a antes de realizar el viaje en busca de su cuarta Copa Intercontinental, torneo que regresa a escena de forma paralela al Mundial de Clubes donde el Real Madrid es el m\u00e1s laureado con cinco \u00e9xitos recientes.<\/p>\n\n\n\n<p>Tras el empate en LaLiga EA Sports en Vallecas ante el Rayo, el conjunto madridista aparca unos d\u00edas la competici\u00f3n dom\u00e9stica en la que puede caer a la tercera plaza durante el domingo tras los partidos del Barcelona y Atl\u00e9tico de Madrid, y pone el foco en el Pachuca y la final que le puede otorgar el segundo t\u00edtulo del curso.<\/p>\n\n\n\n<figure class=\"wp-block-image size-large\"><img fetchpriority=\"high\" decoding=\"async\" width=\"1024\" height=\"683\" src=\"https:\/\/entretormentas.com\/wp-content\/uploads\/2024\/12\/image-356-1024x683.png\" alt=\"\" class=\"wp-image-11463\" srcset=\"https:\/\/entretormentas.com\/wp-content\/uploads\/2024\/12\/image-356-1024x683.png 1024w, https:\/\/entretormentas.com\/wp-content\/uploads\/2024\/12\/image-356-300x200.png 300w, https:\/\/entretormentas.com\/wp-content\/uploads\/2024\/12\/image-356-768x512.png 768w, https:\/\/entretormentas.com\/wp-content\/uploads\/2024\/12\/image-356-1536x1024.png 1536w, https:\/\/entretormentas.com\/wp-content\/uploads\/2024\/12\/image-356-2048x1365.png 2048w\" sizes=\"(max-width: 1024px) 100vw, 1024px\" \/><\/figure>\n\n\n\n<p>En una sesi\u00f3n de recuperaci\u00f3n para los jugadores que fueron titulares el s\u00e1bado en Vallecas y de mayor intensidad para el resto, Ancelotti estuvo pendiente de la evoluci\u00f3n de Mbapp\u00e9, que trabaj\u00f3 de forma individualizada en la recuperaci\u00f3n de la lesi\u00f3n muscular sufrida el pasado martes en la Liga de Campeones ante el Atalanta.<\/p>\n\n\n\n<p>El delantero franc\u00e9s no est\u00e1 descartado por completo para la final y en los planes del cuerpo t\u00e9cnico est\u00e1 incluirlo el lunes en la convocatoria, para que el martes se pruebe en el escenario de la final, el estadio Lusail de Doha. Junto a Mbapp\u00e9 se ejercitaron con recuperadores David Alaba y Ferland Mendy, ambos descartados para el partido del mi\u00e9rcoles como Dani Carvajal y \u00c9der Militao, bajas para toda la temporada.<\/p>\n\n\n\n<p>El brasile\u00f1o Vin\u00edcius Junior, suplente ante el Rayo por precauci\u00f3n tras regresar de lesi\u00f3n en la Liga de Campeones y jugar todo el partido ante el Atalanta, trabaj\u00f3 con intensidad en el reducido grupo en el que tambi\u00e9n estuvo el franc\u00e9s Eduardo Camavinga tras regresar el s\u00e1bado a los terrenos de juego. Junto a ellos Ra\u00fal Asencio, Jes\u00fas Vallejo, Dani Ceballos y Endrick, junto a un grupo de canteranos que reforzaron al primer equipo en la sesi\u00f3n.<\/p>\n\n\n\n<p>El martes, en un horario adelantado respecto al habitual, desde las 10:00 horas, el equipo de Ancelotti realizar\u00e1 su segunda sesi\u00f3n en su casa antes de partir a las 13:00 horas en vuelo charter a Catar donde el mi\u00e9rcoles disputa la final de la Intercontinental.<br><strong><em>ET \/ Agencias<\/em><\/strong><\/p>\n\n\n\n<p><\/p>\n","protected":false},"excerpt":{"rendered":"<p>ENTRE TORMENTAS. El Real Madrid inici\u00f3 el domingo con una sesi\u00f3n en la ciudad deportiva&#8230;<\/p>\n","protected":false},"author":2,"featured_media":11462,"comment_status":"closed","ping_status":"open","sticky":false,"template":"","format":"standard","meta":{"footnotes":""},"categories":[53],"tags":[],"class_list":["post-11461","post","type-post","status-publish","format-standard","has-post-thumbnail","hentry","category-deportes"],"_links":{"self":[{"href":"https:\/\/entretormentas.com\/index.php?rest_route=\/wp\/v2\/posts\/11461","targetHints":{"allow":["GET"]}}],"collection":[{"href":"https:\/\/entretormentas.com\/index.php?rest_route=\/wp\/v2\/posts"}],"about":[{"href":"https:\/\/entretormentas.com\/index.php?rest_route=\/wp\/v2\/types\/post"}],"author":[{"embeddable":true,"href":"https:\/\/entretormentas.com\/index.php?rest_route=\/wp\/v2\/users\/2"}],"replies":[{"embeddable":true,"href":"https:\/\/entretormentas.com\/index.php?rest_route=%2Fwp%2Fv2%2Fcomments&post=11461"}],"version-history":[{"count":1,"href":"https:\/\/entretormentas.com\/index.php?rest_route=\/wp\/v2\/posts\/11461\/revisions"}],"predecessor-version":[{"id":11464,"href":"https:\/\/entretormentas.com\/index.php?rest_route=\/wp\/v2\/posts\/11461\/revisions\/11464"}],"wp:featuredmedia":[{"embeddable":true,"href":"https:\/\/entretormentas.com\/index.php?rest_route=\/wp\/v2\/media\/11462"}],"wp:attachment":[{"href":"https:\/\/entretormentas.com\/index.php?rest_route=%2Fwp%2Fv2%2Fmedia&parent=11461"}],"wp:term":[{"taxonomy":"category","embeddable":true,"href":"https:\/\/entretormentas.com\/index.php?rest_route=%2Fwp%2Fv2%2Fcategories&post=11461"},{"taxonomy":"post_tag","embeddable":true,"href":"https:\/\/entretormentas.com\/index.php?rest_route=%2Fwp%2Fv2%2Ftags&post=11461"}],"curies":[{"name":"wp","href":"https:\/\/api.w.org\/{rel}","templated":true}]}}