{"id":11471,"date":"2024-12-17T08:22:35","date_gmt":"2024-12-17T07:22:35","guid":{"rendered":"https:\/\/entretormentas.com\/?p=11471"},"modified":"2024-12-17T08:22:35","modified_gmt":"2024-12-17T07:22:35","slug":"con-mas-de-100-ninos-en-escena-san-francisco-cierra-el-ano-con-hermosa-muestra-navidena","status":"publish","type":"post","link":"https:\/\/entretormentas.com\/con-mas-de-100-ninos-en-escena-san-francisco-cierra-el-ano-con-hermosa-muestra-navidena\/","title":{"rendered":"\u00a1CON M\u00c1S DE 100 NI\u00d1OS EN ESCENA! San Francisco cierra el a\u00f1o con hermosa muestra navide\u00f1a"},"content":{"rendered":"\n<p><strong>ENTRE TORMENTAS. <\/strong>El Instituto P\u00fablico Municipal de Cultura Juan de Dios Mart\u00ednez, realiz\u00f3 por tercer a\u00f1o la muestra navide\u00f1a, que cont\u00f3 con la participaci\u00f3n de los estudiantes de las casas culturales Juan de Dios Mart\u00ednez, Lula L\u00f3pez y Altagracia V\u00edlchez, con m\u00e1s 100 ni\u00f1os en escena en la Concha Ac\u00fastica del Ateneo de San Francisco.<\/p>\n\n\n\n<p>En esta ocasi\u00f3n, la muestra inici\u00f3 con la exposici\u00f3n de los trabajos de los alumnos de artes pl\u00e1sticas y el nuevo mural que engalana la entrada del Ateneo Juan de Dios Mart\u00ednez y que representa la pintura universal.<\/p>\n\n\n\n<p>En esta actividad destacaron los ensambles musicales de voces, gaitero infantil, danza juvenil y teatro infantil. Tambi\u00e9n, por primera vez, fue presentado el grupo de ballet infantil, con un extracto del Cascanueces, obra cl\u00e1sica de estas fechas navide\u00f1as.<\/p>\n\n\n\n<figure class=\"wp-block-image size-large\"><img fetchpriority=\"high\" decoding=\"async\" width=\"1024\" height=\"768\" src=\"https:\/\/entretormentas.com\/wp-content\/uploads\/2024\/12\/image-362-1024x768.png\" alt=\"\" class=\"wp-image-11473\" srcset=\"https:\/\/entretormentas.com\/wp-content\/uploads\/2024\/12\/image-362-1024x768.png 1024w, https:\/\/entretormentas.com\/wp-content\/uploads\/2024\/12\/image-362-300x225.png 300w, https:\/\/entretormentas.com\/wp-content\/uploads\/2024\/12\/image-362-768x576.png 768w, https:\/\/entretormentas.com\/wp-content\/uploads\/2024\/12\/image-362.png 1280w\" sizes=\"(max-width: 1024px) 100vw, 1024px\" \/><\/figure>\n\n\n\n<p>De igual manera, el grupo de teatro infantil deleit\u00f3 a los presentes con la puesta en escena de la obra \u00abLleg\u00f3 la navidad\u00bb, que narra la historia del nacimiento del Ni\u00f1o Jes\u00fas.<\/p>\n\n\n\n<p>El presidente del Instituto P\u00fablico Municipal de Cultura, Ra\u00fal Fern\u00e1ndez, destac\u00f3 el crecimiento que ha tenido la cultura en todas las parroquias, gracias al apoyo recibido por parte del alcalde Gustavo Fern\u00e1ndez M\u00e9ndez, quien ha puesto su empe\u00f1o en rescatar los espacios culturales del municipio.<\/p>\n\n\n\n<p>Los representantes y p\u00fablico en general se mostraron altamente complacidos y emocionados con la evoluci\u00f3n que han tenido los ni\u00f1os en las artes que se imparten en el Instituto Municipal de Cultura de San Francisco, as\u00ed como agradecieron este tipo de eventos destinados al disfrute de toda la familia.<br><strong><em>ET \/ Alcald\u00eda de San Francisco<\/em><\/strong><\/p>\n","protected":false},"excerpt":{"rendered":"<p>ENTRE TORMENTAS. El Instituto P\u00fablico Municipal de Cultura Juan de Dios Mart\u00ednez, realiz\u00f3 por tercer&#8230;<\/p>\n","protected":false},"author":2,"featured_media":11472,"comment_status":"closed","ping_status":"open","sticky":false,"template":"","format":"standard","meta":{"footnotes":""},"categories":[1],"tags":[],"class_list":["post-11471","post","type-post","status-publish","format-standard","has-post-thumbnail","hentry","category-regionales"],"_links":{"self":[{"href":"https:\/\/entretormentas.com\/index.php?rest_route=\/wp\/v2\/posts\/11471","targetHints":{"allow":["GET"]}}],"collection":[{"href":"https:\/\/entretormentas.com\/index.php?rest_route=\/wp\/v2\/posts"}],"about":[{"href":"https:\/\/entretormentas.com\/index.php?rest_route=\/wp\/v2\/types\/post"}],"author":[{"embeddable":true,"href":"https:\/\/entretormentas.com\/index.php?rest_route=\/wp\/v2\/users\/2"}],"replies":[{"embeddable":true,"href":"https:\/\/entretormentas.com\/index.php?rest_route=%2Fwp%2Fv2%2Fcomments&post=11471"}],"version-history":[{"count":1,"href":"https:\/\/entretormentas.com\/index.php?rest_route=\/wp\/v2\/posts\/11471\/revisions"}],"predecessor-version":[{"id":11474,"href":"https:\/\/entretormentas.com\/index.php?rest_route=\/wp\/v2\/posts\/11471\/revisions\/11474"}],"wp:featuredmedia":[{"embeddable":true,"href":"https:\/\/entretormentas.com\/index.php?rest_route=\/wp\/v2\/media\/11472"}],"wp:attachment":[{"href":"https:\/\/entretormentas.com\/index.php?rest_route=%2Fwp%2Fv2%2Fmedia&parent=11471"}],"wp:term":[{"taxonomy":"category","embeddable":true,"href":"https:\/\/entretormentas.com\/index.php?rest_route=%2Fwp%2Fv2%2Fcategories&post=11471"},{"taxonomy":"post_tag","embeddable":true,"href":"https:\/\/entretormentas.com\/index.php?rest_route=%2Fwp%2Fv2%2Ftags&post=11471"}],"curies":[{"name":"wp","href":"https:\/\/api.w.org\/{rel}","templated":true}]}}