{"id":11502,"date":"2024-12-17T08:57:35","date_gmt":"2024-12-17T07:57:35","guid":{"rendered":"https:\/\/entretormentas.com\/?p=11502"},"modified":"2024-12-17T08:58:27","modified_gmt":"2024-12-17T07:58:27","slug":"felipe-mujica-incertidumbre-y-tension-caracterizan-a-la-politica-venezolana","status":"publish","type":"post","link":"https:\/\/entretormentas.com\/felipe-mujica-incertidumbre-y-tension-caracterizan-a-la-politica-venezolana\/","title":{"rendered":"FELIPE MUJICA: \u00abIncertidumbre y tensi\u00f3n caracterizan a la pol\u00edtica venezolana\u00bb"},"content":{"rendered":"\n<p><strong>ENTRE TORMENTAS. <\/strong>El secretario general del MAS, Felipe Mujica, asegur\u00f3 que la ciudadan\u00eda est\u00e1 plenamente consciente que la incertidumbre y la tensi\u00f3n forman parte del quehacer pol\u00edtico, a prop\u00f3sito de la cercan\u00eda del 10 de enero con la juramentaci\u00f3n presidencial de Nicol\u00e1s Maduro para el per\u00edodo 2025-2031.<\/p>\n\n\n\n<p>\u00abEl gobierno habla de una supuesta invasi\u00f3n extranjera donde todos debemos estar preparados, pero hasta ahora no se conoce ning\u00fan indicio para que se produzca una situaci\u00f3n de esa naturaleza\u201d.<\/p>\n\n\n\n<p>Rechaz\u00f3 abiertamente la promoci\u00f3n de cualquier acto de violencia porque el ejercicio de la verdadera pol\u00edtica no se traduce en esos t\u00e9rminos.<\/p>\n\n\n\n<p>Acot\u00f3, sin embargo, que tras la elecci\u00f3n presidencial del 28 de julio, cuyos resultados no han sido publicados todav\u00eda por el CNE, se pens\u00f3 que el pa\u00eds entrar\u00eda en una etapa de armon\u00eda, respeto, despolarizaci\u00f3n y reencuentro de todos los venezolanos.<\/p>\n\n\n\n<p>\u00abLamentablente ha ocurrido todo lo contrario y hasta la fecha, seg\u00fan lo reconocido por el propio gobierno, hay m\u00e1s de 2.000 presos pol\u00edticos, donde han fallecido recientemente Jes\u00fas Mart\u00ednez Medina, Osgual Alexander Gonz\u00e1lez P\u00e9rez y Jes\u00fas Rafael \u00c1lvarez\u00bb.<\/p>\n\n\n\n<p>El MAS expres\u00f3 su absoluta solidaridad con cada uno de sus familiares e inst\u00f3 al gobierno a atender de inmediato los requerimientos de los dolientes.<\/p>\n\n\n\n<p>Una vez m\u00e1s, Mujica plante\u00f3 la necesidad de aprobar urgentemente una Ley de Amnist\u00eda General para liberar a todos los presos pol\u00edticos.<\/p>\n\n\n\n<p>\u00abNo puede ser que porque opines diferente al gobierno, te conviertas de inmediato en un objeto de persecuci\u00f3n y amenaza y c\u00e1rcel\u00bb.<\/p>\n\n\n\n<p>El dirigente de la tolda naranja hizo un llamado a respetar y cumplir el articulado establecido en la Constituci\u00f3n Nacional, la cual ha sido violada en forma recurrente.<\/p>\n\n\n\n<p>\u00abLa Constituci\u00f3n tiene que ser, por excelencia, el instrumento jur\u00eddico para resolver las diferencias de manera pac\u00edfica, democr\u00e1tica y electoral, garantiz\u00e1ndole al venezolano una convivencia en paz y armon\u00eda\u00bb.<\/p>\n\n\n\n<p>El MAS espera que una soluci\u00f3n pol\u00edtica logre aterrizar el 10 de enero, con miras a que el pa\u00eds no vaya a transitar el peor de los caminos y pueda conseguir un mecanismo de reconciliaci\u00f3n o encuentro entre los venezolanos.<\/p>\n\n\n\n<p><strong>DOS VERSIONES SOBRE COMICIOS DE JUECES DE PAZ<\/strong><br>Sobre la elecci\u00f3n de los jueces de paz, Mujica se\u00f1al\u00f3 que al igual que el referendo sobre el Esequibo, a\u00fan no se tienen n\u00fameros oficiales por parte del organismo comicial en cuanto a la participaci\u00f3n de los ciudadanos.<\/p>\n\n\n\n<p>\u00abExisten dos versiones sobre esta convocatoria. La primera, que la jornada fue exitosa, y la segunda, que la concurrencia de votantes fue bastante limitada\u201d.<\/p>\n\n\n\n<p>En esta \u00faltima rueda de prensa del a\u00f1o, el secretario general del MAS, Felipe Mujica, aprovech\u00f3 la oportunidad para enviarle los mejores deseos a las familias venezolanas para que celebren la navidad con alegr\u00eda, optimismo y la esperanza de que en el a\u00f1o 2025 se solucionen los diversos problemas que aquejan al pa\u00eds.<br><strong><em>ET \/ Prensa MAS<\/em><\/strong><\/p>\n","protected":false},"excerpt":{"rendered":"<p>ENTRE TORMENTAS. El secretario general del MAS, Felipe Mujica, asegur\u00f3 que la ciudadan\u00eda est\u00e1 plenamente&#8230;<\/p>\n","protected":false},"author":2,"featured_media":11503,"comment_status":"closed","ping_status":"open","sticky":false,"template":"","format":"standard","meta":{"footnotes":""},"categories":[49],"tags":[],"class_list":["post-11502","post","type-post","status-publish","format-standard","has-post-thumbnail","hentry","category-nacionales"],"_links":{"self":[{"href":"https:\/\/entretormentas.com\/index.php?rest_route=\/wp\/v2\/posts\/11502","targetHints":{"allow":["GET"]}}],"collection":[{"href":"https:\/\/entretormentas.com\/index.php?rest_route=\/wp\/v2\/posts"}],"about":[{"href":"https:\/\/entretormentas.com\/index.php?rest_route=\/wp\/v2\/types\/post"}],"author":[{"embeddable":true,"href":"https:\/\/entretormentas.com\/index.php?rest_route=\/wp\/v2\/users\/2"}],"replies":[{"embeddable":true,"href":"https:\/\/entretormentas.com\/index.php?rest_route=%2Fwp%2Fv2%2Fcomments&post=11502"}],"version-history":[{"count":1,"href":"https:\/\/entretormentas.com\/index.php?rest_route=\/wp\/v2\/posts\/11502\/revisions"}],"predecessor-version":[{"id":11504,"href":"https:\/\/entretormentas.com\/index.php?rest_route=\/wp\/v2\/posts\/11502\/revisions\/11504"}],"wp:featuredmedia":[{"embeddable":true,"href":"https:\/\/entretormentas.com\/index.php?rest_route=\/wp\/v2\/media\/11503"}],"wp:attachment":[{"href":"https:\/\/entretormentas.com\/index.php?rest_route=%2Fwp%2Fv2%2Fmedia&parent=11502"}],"wp:term":[{"taxonomy":"category","embeddable":true,"href":"https:\/\/entretormentas.com\/index.php?rest_route=%2Fwp%2Fv2%2Fcategories&post=11502"},{"taxonomy":"post_tag","embeddable":true,"href":"https:\/\/entretormentas.com\/index.php?rest_route=%2Fwp%2Fv2%2Ftags&post=11502"}],"curies":[{"name":"wp","href":"https:\/\/api.w.org\/{rel}","templated":true}]}}