{"id":11505,"date":"2024-12-17T09:00:26","date_gmt":"2024-12-17T08:00:26","guid":{"rendered":"https:\/\/entretormentas.com\/?p=11505"},"modified":"2024-12-17T09:00:26","modified_gmt":"2024-12-17T08:00:26","slug":"cifra-oficial-mp-confirma-533-excarcelados-tras-protestas-postelectorales","status":"publish","type":"post","link":"https:\/\/entretormentas.com\/cifra-oficial-mp-confirma-533-excarcelados-tras-protestas-postelectorales\/","title":{"rendered":"\u00a1CIFRA OFICIAL! MP confirma 533 excarcelados tras protestas postelectorales"},"content":{"rendered":"\n<p><strong>ENTRE TORMENTAS. <\/strong>El Ministerio P\u00fablico (MP) a trav\u00e9s de un comunicado difundido este lunes, inform\u00f3 que entre los d\u00edas 10 y 14 de diciembre se solicit\u00f3 y fueron acordadas por el Poder Judicial, 179 revisiones de medidas a procesados tras los hechos de violencia ocurridos tras la celebraci\u00f3n de las elecciones presidenciales del d\u00eda 28 de julio.<\/p>\n\n\n\n<p>En la cuenta en Instagram del organismo, el Fiscal General de la Rep\u00fablica, Tarek William Saab, explic\u00f3 que \u00abestas excarcelaciones se suman a las 354 medidas solicitadas y acordadas previamente, para un total de 533\u00bb.<\/p>\n\n\n\n<p>Se detall\u00f3 que las mismas fueron realizadas en el marco del debido proceso garantizado por la Constituci\u00f3n de la Rep\u00fablica. \u00abEl Ministerio P\u00fablico, junto al resto de las instituciones del Estado venezolano, reafirma su compromiso con la Paz, la Justicia y los Derechos Humanos\u00bb.<br><strong><em>ET \/ Agencias<\/em><\/strong><\/p>\n","protected":false},"excerpt":{"rendered":"<p>ENTRE TORMENTAS. El Ministerio P\u00fablico (MP) a trav\u00e9s de un comunicado difundido este lunes, inform\u00f3&#8230;<\/p>\n","protected":false},"author":2,"featured_media":11506,"comment_status":"closed","ping_status":"open","sticky":false,"template":"","format":"standard","meta":{"footnotes":""},"categories":[49],"tags":[],"class_list":["post-11505","post","type-post","status-publish","format-standard","has-post-thumbnail","hentry","category-nacionales"],"_links":{"self":[{"href":"https:\/\/entretormentas.com\/index.php?rest_route=\/wp\/v2\/posts\/11505","targetHints":{"allow":["GET"]}}],"collection":[{"href":"https:\/\/entretormentas.com\/index.php?rest_route=\/wp\/v2\/posts"}],"about":[{"href":"https:\/\/entretormentas.com\/index.php?rest_route=\/wp\/v2\/types\/post"}],"author":[{"embeddable":true,"href":"https:\/\/entretormentas.com\/index.php?rest_route=\/wp\/v2\/users\/2"}],"replies":[{"embeddable":true,"href":"https:\/\/entretormentas.com\/index.php?rest_route=%2Fwp%2Fv2%2Fcomments&post=11505"}],"version-history":[{"count":1,"href":"https:\/\/entretormentas.com\/index.php?rest_route=\/wp\/v2\/posts\/11505\/revisions"}],"predecessor-version":[{"id":11507,"href":"https:\/\/entretormentas.com\/index.php?rest_route=\/wp\/v2\/posts\/11505\/revisions\/11507"}],"wp:featuredmedia":[{"embeddable":true,"href":"https:\/\/entretormentas.com\/index.php?rest_route=\/wp\/v2\/media\/11506"}],"wp:attachment":[{"href":"https:\/\/entretormentas.com\/index.php?rest_route=%2Fwp%2Fv2%2Fmedia&parent=11505"}],"wp:term":[{"taxonomy":"category","embeddable":true,"href":"https:\/\/entretormentas.com\/index.php?rest_route=%2Fwp%2Fv2%2Fcategories&post=11505"},{"taxonomy":"post_tag","embeddable":true,"href":"https:\/\/entretormentas.com\/index.php?rest_route=%2Fwp%2Fv2%2Ftags&post=11505"}],"curies":[{"name":"wp","href":"https:\/\/api.w.org\/{rel}","templated":true}]}}