{"id":11508,"date":"2024-12-17T09:02:19","date_gmt":"2024-12-17T08:02:19","guid":{"rendered":"https:\/\/entretormentas.com\/?p=11508"},"modified":"2024-12-17T09:02:19","modified_gmt":"2024-12-17T08:02:19","slug":"anuncio-maduro-asegura-que-movimientos-sociales-del-mundo-lo-acompanaran-el-10-e","status":"publish","type":"post","link":"https:\/\/entretormentas.com\/anuncio-maduro-asegura-que-movimientos-sociales-del-mundo-lo-acompanaran-el-10-e\/","title":{"rendered":"\u00a1ANUNCIO! Maduro asegura que movimientos sociales del mundo lo acompa\u00f1ar\u00e1n el 10-E"},"content":{"rendered":"\n<p><strong>ENTRE TORMENTAS.<\/strong> El presidente Nicol\u00e1s Maduro dijo que movimientos sociales del mundo lo acompa\u00f1ar\u00e1n en la toma de posesi\u00f3n del 10 de enero, cuando se juramentar\u00e1 como Jefe de Estado reelecto, tras las elecciones del pasado 28 de julio, sobre las cuales dice la oposici\u00f3n de la Plataforma Unitaria, que gan\u00f3 Edmundo Gonz\u00e1lez.<\/p>\n\n\n\n<p>\u00abEl 10 de enero nos juramentamos todo el pa\u00eds, con el apoyo de los movimientos sociales y de los pueblos del mundo\u00bb, asegur\u00f3 el domingo en un contacto telef\u00f3nico con el canal estatal VTV.<\/p>\n\n\n\n<p>Maduro asegur\u00f3 tambi\u00e9n que el chavismo est\u00e1 m\u00e1s fuerte que nunca y con m\u00e1s poder popular. \u00abLos fascistas hierven de odio, quisieran tener el pa\u00eds en violencia\u00bb, agreg\u00f3.<\/p>\n\n\n\n<p>\u00abL\u00edderes sociales de 35 pa\u00edses asistir\u00e1n\u00bb, asistencia que fue propuesta por el Consejo de Movimientos Sociales de la Alianza Bolivariana para los Pueblos de Nuestra Am\u00e9rica (ALBA), que celebr\u00f3 el s\u00e1bado el vig\u00e9simo aniversario de su fundaci\u00f3n, seg\u00fan rese\u00f1\u00f3 EFE.<\/p>\n\n\n\n<p>\u00abNos vemos el 10 de enero (\u2026) los esperamos\u00bb, dijo Maduro luego de leer la resoluci\u00f3n adoptada por el consejo de la ALBA.<\/p>\n\n\n\n<p>\u00abMiles de l\u00edderes sociales de 35 pa\u00edses jurar\u00e1n junto al pueblo de Venezuela por la paz y por la patria grande\u00bb, se\u00f1al\u00f3.<br><strong><em>ET\/ El Nacional<\/em><\/strong><\/p>\n","protected":false},"excerpt":{"rendered":"<p>ENTRE TORMENTAS. El presidente Nicol\u00e1s Maduro dijo que movimientos sociales del mundo lo acompa\u00f1ar\u00e1n en&#8230;<\/p>\n","protected":false},"author":2,"featured_media":11509,"comment_status":"closed","ping_status":"open","sticky":false,"template":"","format":"standard","meta":{"footnotes":""},"categories":[56,49],"tags":[],"class_list":["post-11508","post","type-post","status-publish","format-standard","has-post-thumbnail","hentry","category-destacadas","category-nacionales"],"_links":{"self":[{"href":"https:\/\/entretormentas.com\/index.php?rest_route=\/wp\/v2\/posts\/11508","targetHints":{"allow":["GET"]}}],"collection":[{"href":"https:\/\/entretormentas.com\/index.php?rest_route=\/wp\/v2\/posts"}],"about":[{"href":"https:\/\/entretormentas.com\/index.php?rest_route=\/wp\/v2\/types\/post"}],"author":[{"embeddable":true,"href":"https:\/\/entretormentas.com\/index.php?rest_route=\/wp\/v2\/users\/2"}],"replies":[{"embeddable":true,"href":"https:\/\/entretormentas.com\/index.php?rest_route=%2Fwp%2Fv2%2Fcomments&post=11508"}],"version-history":[{"count":1,"href":"https:\/\/entretormentas.com\/index.php?rest_route=\/wp\/v2\/posts\/11508\/revisions"}],"predecessor-version":[{"id":11510,"href":"https:\/\/entretormentas.com\/index.php?rest_route=\/wp\/v2\/posts\/11508\/revisions\/11510"}],"wp:featuredmedia":[{"embeddable":true,"href":"https:\/\/entretormentas.com\/index.php?rest_route=\/wp\/v2\/media\/11509"}],"wp:attachment":[{"href":"https:\/\/entretormentas.com\/index.php?rest_route=%2Fwp%2Fv2%2Fmedia&parent=11508"}],"wp:term":[{"taxonomy":"category","embeddable":true,"href":"https:\/\/entretormentas.com\/index.php?rest_route=%2Fwp%2Fv2%2Fcategories&post=11508"},{"taxonomy":"post_tag","embeddable":true,"href":"https:\/\/entretormentas.com\/index.php?rest_route=%2Fwp%2Fv2%2Ftags&post=11508"}],"curies":[{"name":"wp","href":"https:\/\/api.w.org\/{rel}","templated":true}]}}