{"id":11511,"date":"2024-12-17T09:04:21","date_gmt":"2024-12-17T08:04:21","guid":{"rendered":"https:\/\/entretormentas.com\/?p=11511"},"modified":"2024-12-17T09:04:21","modified_gmt":"2024-12-17T08:04:21","slug":"edmundo-gonzalez-sobre-el-10-e-no-voy-a-una-guerra-pero-si-a-recuperar-la-democracia","status":"publish","type":"post","link":"https:\/\/entretormentas.com\/edmundo-gonzalez-sobre-el-10-e-no-voy-a-una-guerra-pero-si-a-recuperar-la-democracia\/","title":{"rendered":"EDMUNDO GONZ\u00c1LEZ SOBRE EL 10-E: \u00abNo voy a una guerra, pero s\u00ed a recuperar la democracia\u00bb"},"content":{"rendered":"\n<p><strong>ENTRE TORMENTAS. <\/strong>El opositor Edmundo Gonz\u00e1lez asegur\u00f3 este lunes 16 de diciembre en entrevista con EFE estar consciente de los riesgos de su regreso al pa\u00eds, pero insisti\u00f3 en que est\u00e1 previsto a partir del 10 de enero para \u00abasumir el mandato y hacer respetar la voluntad soberana del pueblo de Venezuela\u00bb.<\/p>\n\n\n\n<p>\u00abCon temor no se va a la guerra. Yo no voy a una guerra, pero s\u00ed voy a la recuperaci\u00f3n de la democracia venezolana y voy con mucho esfuerzo y con mucha voluntad para recomponer la legalidad democr\u00e1tica en Venezuela\u00bb, dijo Gonz\u00e1lez en la v\u00edspera de recoger el premio S\u00e1jarov a la libertad de conciencia en la sede del Parlamento Europeo en Estrasburgo, Francia.<\/p>\n\n\n\n<p>Gonz\u00e1lez dijo desde Francia que aprovechar\u00e1 este viaje para reunirse con la nueva alta representante de la Uni\u00f3n Europea para la Pol\u00edtica Exterior, Kaja Kallas, para transmitirle \u00abde viva voz las aspiraciones del pueblo de Venezuela en el respaldo de la Uni\u00f3n Europea\u00bb.<\/p>\n\n\n\n<p>El Consejo de la Uni\u00f3n Europea decidi\u00f3 no reconocer a Nicol\u00e1s Maduro como presidente electo, pero tampoco reconocieron a Edmundo Gonz\u00e1lez.<\/p>\n\n\n\n<p>\u00abAspiramos a que ese respaldo se materialice con fuerza. La UE es fundamental en este proceso nuestro de la recuperaci\u00f3n de la democracia en Venezuela y aspiramos a un esfuerzo mayor por alcanzar el reconocimiento pleno de la UE\u00bb, se\u00f1al\u00f3 Gonz\u00e1lez, que afirm\u00f3 que el mundo est\u00e1 \u00abpendiente de decisiones fundamentales para que se comprenda el proceso pol\u00edtico\u00bb en el pa\u00eds.<\/p>\n\n\n\n<p>En este proceso hacia el reconocimiento europeo de su figura como presidente leg\u00edtimo de Venezuela, Gonz\u00e1lez se\u00f1al\u00f3 que, aunque se podr\u00eda \u00abaspirar a m\u00e1s\u00bb, al Gobierno espa\u00f1ol \u00abha venido haciendo un esfuerzo importante\u00bb por el reconocimiento de su candidatura y le ha dado un respaldo \u00abmoral y material\u00bb al concederle asilo pol\u00edtico en Madrid.<\/p>\n\n\n\n<p>Edmundo Gonz\u00e1lez adelant\u00f3 que \u00abpr\u00f3ximamente\u00bb mantendr\u00e1 una reuni\u00f3n en persona con el ministro de Asuntos de Exteriores, Jos\u00e9 Manuel Albares, en la que abordar\u00e1n el tema del reconocimiento por parte del Gobierno de Espa\u00f1a, entre otros temas.<\/p>\n\n\n\n<p>Sobre la estrategia para su regreso a Venezuela, Gonz\u00e1lez reafirm\u00f3 que tienen un plan \u00abque no podemos revelar por razones estrat\u00e9gicas, pero nuestra intenci\u00f3n es llegar a Venezuela a partir del 10 de enero para asumir el mandato y hacer respetar la voluntad soberana del pueblo de Venezuela\u00bb; de la misma manera, dijo estar \u00abtranquilo y trabajando mucho por el pa\u00eds\u00bb desde Madrid.<\/p>\n\n\n\n<p>Gonz\u00e1lez subray\u00f3 que se mantiene activo en el esfuerzo \u00abpor recuperar la reinstitucionalizaci\u00f3n de la democracia en Venezuela y por un Gobierno que d\u00e9 cabida a todos\u00bb. \u00abQueremos llegar a una normalidad democr\u00e1tica donde un adversario sea nada m\u00e1s que eso, un adversario y no un enemigo. Eso es a lo que aspiramos para todos los venezolanos\u00bb, a\u00f1adi\u00f3.<br><strong><em>ET \/ EFE<\/em><\/strong><\/p>\n","protected":false},"excerpt":{"rendered":"<p>ENTRE TORMENTAS. El opositor Edmundo Gonz\u00e1lez asegur\u00f3 este lunes 16 de diciembre en entrevista con&#8230;<\/p>\n","protected":false},"author":2,"featured_media":11512,"comment_status":"closed","ping_status":"open","sticky":false,"template":"","format":"standard","meta":{"footnotes":""},"categories":[56,48],"tags":[],"class_list":["post-11511","post","type-post","status-publish","format-standard","has-post-thumbnail","hentry","category-destacadas","category-internacionales"],"_links":{"self":[{"href":"https:\/\/entretormentas.com\/index.php?rest_route=\/wp\/v2\/posts\/11511","targetHints":{"allow":["GET"]}}],"collection":[{"href":"https:\/\/entretormentas.com\/index.php?rest_route=\/wp\/v2\/posts"}],"about":[{"href":"https:\/\/entretormentas.com\/index.php?rest_route=\/wp\/v2\/types\/post"}],"author":[{"embeddable":true,"href":"https:\/\/entretormentas.com\/index.php?rest_route=\/wp\/v2\/users\/2"}],"replies":[{"embeddable":true,"href":"https:\/\/entretormentas.com\/index.php?rest_route=%2Fwp%2Fv2%2Fcomments&post=11511"}],"version-history":[{"count":1,"href":"https:\/\/entretormentas.com\/index.php?rest_route=\/wp\/v2\/posts\/11511\/revisions"}],"predecessor-version":[{"id":11513,"href":"https:\/\/entretormentas.com\/index.php?rest_route=\/wp\/v2\/posts\/11511\/revisions\/11513"}],"wp:featuredmedia":[{"embeddable":true,"href":"https:\/\/entretormentas.com\/index.php?rest_route=\/wp\/v2\/media\/11512"}],"wp:attachment":[{"href":"https:\/\/entretormentas.com\/index.php?rest_route=%2Fwp%2Fv2%2Fmedia&parent=11511"}],"wp:term":[{"taxonomy":"category","embeddable":true,"href":"https:\/\/entretormentas.com\/index.php?rest_route=%2Fwp%2Fv2%2Fcategories&post=11511"},{"taxonomy":"post_tag","embeddable":true,"href":"https:\/\/entretormentas.com\/index.php?rest_route=%2Fwp%2Fv2%2Ftags&post=11511"}],"curies":[{"name":"wp","href":"https:\/\/api.w.org\/{rel}","templated":true}]}}