{"id":11514,"date":"2024-12-17T09:06:24","date_gmt":"2024-12-17T08:06:24","guid":{"rendered":"https:\/\/entretormentas.com\/?p=11514"},"modified":"2024-12-17T09:06:25","modified_gmt":"2024-12-17T08:06:25","slug":"hablo-del-gendarme-argentino-cabello-afirma-que-edmundo-gonzalez-sera-detenido-apenas-pise-venezuela","status":"publish","type":"post","link":"https:\/\/entretormentas.com\/hablo-del-gendarme-argentino-cabello-afirma-que-edmundo-gonzalez-sera-detenido-apenas-pise-venezuela\/","title":{"rendered":"\u00a1HABL\u00d3 DEL GENDARME ARGENTINO! Cabello afirma que Edmundo Gonz\u00e1lez ser\u00e1 detenido apenas pise Venezuela"},"content":{"rendered":"\n<p><strong>ENTRE TORMENTAS. <\/strong>El primer vicepresidente del Partido Socialista Unido de Venezuela (PSUV), Diosdado Cabello, reiter\u00f3, enf\u00e1ticamente, que el presidente Nicol\u00e1s Maduro ser\u00e1 investido para un nuevo periodo presidencial el pr\u00f3ximo 10 de enero.<\/p>\n\n\n\n<p>Asever\u00f3 que no existe ni una posibilidad de que el opositor, Edmundo Gonz\u00e1lez Urrutia, pise el Aeropuerto Internacional de Maiquet\u00eda sin ser detenido, detalla Uni\u00f3n Radio.<\/p>\n\n\n\n<p>\u00abQue el se\u00f1or Edmundo viene, les est\u00e1n cayendo a cova, una vez m\u00e1s. El 10 de enero el \u00fanico que se va a juramentar es Maduro. No hay ni una sola posibilidad, ni media posibilidad, de que el se\u00f1or Gonz\u00e1lez no ponga un pie en Venezuela sin ser detenido\u00bb, asever\u00f3.<\/p>\n\n\n\n<p><strong>\u00abLE DIMOS UN DURO GOLPE\u00bb<\/strong><br>Con respecto a la insistencia de la Canciller\u00eda de Argentina, sobre liberar al gendarme detenido en Venezuela, Cabello afirm\u00f3 que se le dio un \u00abgolpe duro\u00bb a la supuesta misi\u00f3n que realizar\u00eda el uniformado en el pa\u00eds.<\/p>\n\n\n\n<p>\u00abLes doli\u00f3 porque ven\u00eda a cumplir una misi\u00f3n, y no es que ha sido abortada la misi\u00f3n, le hemos dado un golpe duro, gracias a los organismos de seguridad del Estado\u00bb, agreg\u00f3.<br><strong><em>ET \/ Agencias<\/em><\/strong><\/p>\n","protected":false},"excerpt":{"rendered":"<p>ENTRE TORMENTAS. El primer vicepresidente del Partido Socialista Unido de Venezuela (PSUV), Diosdado Cabello, reiter\u00f3,&#8230;<\/p>\n","protected":false},"author":2,"featured_media":11515,"comment_status":"closed","ping_status":"open","sticky":false,"template":"","format":"standard","meta":{"footnotes":""},"categories":[56,49],"tags":[],"class_list":["post-11514","post","type-post","status-publish","format-standard","has-post-thumbnail","hentry","category-destacadas","category-nacionales"],"_links":{"self":[{"href":"https:\/\/entretormentas.com\/index.php?rest_route=\/wp\/v2\/posts\/11514","targetHints":{"allow":["GET"]}}],"collection":[{"href":"https:\/\/entretormentas.com\/index.php?rest_route=\/wp\/v2\/posts"}],"about":[{"href":"https:\/\/entretormentas.com\/index.php?rest_route=\/wp\/v2\/types\/post"}],"author":[{"embeddable":true,"href":"https:\/\/entretormentas.com\/index.php?rest_route=\/wp\/v2\/users\/2"}],"replies":[{"embeddable":true,"href":"https:\/\/entretormentas.com\/index.php?rest_route=%2Fwp%2Fv2%2Fcomments&post=11514"}],"version-history":[{"count":1,"href":"https:\/\/entretormentas.com\/index.php?rest_route=\/wp\/v2\/posts\/11514\/revisions"}],"predecessor-version":[{"id":11516,"href":"https:\/\/entretormentas.com\/index.php?rest_route=\/wp\/v2\/posts\/11514\/revisions\/11516"}],"wp:featuredmedia":[{"embeddable":true,"href":"https:\/\/entretormentas.com\/index.php?rest_route=\/wp\/v2\/media\/11515"}],"wp:attachment":[{"href":"https:\/\/entretormentas.com\/index.php?rest_route=%2Fwp%2Fv2%2Fmedia&parent=11514"}],"wp:term":[{"taxonomy":"category","embeddable":true,"href":"https:\/\/entretormentas.com\/index.php?rest_route=%2Fwp%2Fv2%2Fcategories&post=11514"},{"taxonomy":"post_tag","embeddable":true,"href":"https:\/\/entretormentas.com\/index.php?rest_route=%2Fwp%2Fv2%2Ftags&post=11514"}],"curies":[{"name":"wp","href":"https:\/\/api.w.org\/{rel}","templated":true}]}}