{"id":11527,"date":"2024-12-18T09:04:37","date_gmt":"2024-12-18T08:04:37","guid":{"rendered":"https:\/\/entretormentas.com\/?p=11527"},"modified":"2024-12-18T09:04:37","modified_gmt":"2024-12-18T08:04:37","slug":"modernizada-rosales-reinaugura-sede-de-la-secretaria-de-cultura-y-centro-de-formacion-artistica-del-zulia","status":"publish","type":"post","link":"https:\/\/entretormentas.com\/modernizada-rosales-reinaugura-sede-de-la-secretaria-de-cultura-y-centro-de-formacion-artistica-del-zulia\/","title":{"rendered":"\u00a1MODERNIZADA! Rosales reinaugura sede de la Secretar\u00eda de Cultura y Centro de Formaci\u00f3n Art\u00edstica del Zulia"},"content":{"rendered":"\n<p><strong>ENTRE TORMENTAS.<\/strong> El gobernador del Zulia, Manuel Rosales Guerrero, inaugur\u00f3 la tarde noche de este lunes 16 de diciembre una de las obras m\u00e1s importantes ejecutadas durante esta nueva gesti\u00f3n: la sede de la Secretar\u00eda de Cultura, ubicada en la avenida El Milagro de Maracaibo, para orgullo de todos los zulianos y del resto de Venezuela.<\/p>\n\n\n\n<p>A este emotivo evento asistieron miembros del Gabinete de Gobierno, autoridades civiles, religiosas, universitarias y empresariales, as\u00ed como todo el personal de la Secretar\u00eda de Cultura: artistas, bailarines, cantantes, m\u00fasicos, titiriteros, actores y estudiantes.<\/p>\n\n\n\n<figure class=\"wp-block-image size-large\"><img fetchpriority=\"high\" decoding=\"async\" width=\"1024\" height=\"682\" src=\"https:\/\/entretormentas.com\/wp-content\/uploads\/2024\/12\/image-391-1024x682.png\" alt=\"\" class=\"wp-image-11528\" srcset=\"https:\/\/entretormentas.com\/wp-content\/uploads\/2024\/12\/image-391-1024x682.png 1024w, https:\/\/entretormentas.com\/wp-content\/uploads\/2024\/12\/image-391-300x200.png 300w, https:\/\/entretormentas.com\/wp-content\/uploads\/2024\/12\/image-391-768x512.png 768w, https:\/\/entretormentas.com\/wp-content\/uploads\/2024\/12\/image-391-1536x1024.png 1536w, https:\/\/entretormentas.com\/wp-content\/uploads\/2024\/12\/image-391-2048x1365.png 2048w\" sizes=\"(max-width: 1024px) 100vw, 1024px\" \/><\/figure>\n\n\n\n<p>Rosales recalc\u00f3 la importancia de esta edificaci\u00f3n que inaugur\u00f3, despu\u00e9s de un largo trabajo de construcci\u00f3n y recuperaci\u00f3n de espacios. \u00abUn esfuerzo gigantesco, porque esta estructura funcion\u00f3 primeramente como el Instituto Zuliano de Cultura, fundado en 1956. Posteriormente, en 1959, funcion\u00f3 la Facultad de Humanidades y Educaci\u00f3n de la Universidad del Zulia. Hoy es la Secretar\u00eda de Cultura y Centro de Formaci\u00f3n Art\u00edstica, que estaba en ruinas, desvalijada y destruida\u00bb.<\/p>\n\n\n\n<p>El gobernador Manuel Rosales argument\u00f3 que no solo se trataba de la edificaci\u00f3n, sino tambi\u00e9n de la ausencia de planes y dise\u00f1os culturales y educativos en toda su dimensi\u00f3n. \u00abLas escuelas hab\u00edan desaparecido. Por un espacio de tiempo, se hab\u00eda apagado la creatividad, el talento y las capacidades art\u00edsticas en el Zulia\u201d.<\/p>\n\n\n\n<p>Record\u00f3 que a\u00f1os atr\u00e1s, este espacio fue inaugurado durante su primera gesti\u00f3n como Gobernador. \u00abLo dejamos como la Secretar\u00eda de Cultura, con sus programas, estrategias y dise\u00f1os. La mejor de Venezuela. Eso no lo olvidamos, pero eso pas\u00f3 a ser una historia triste que todos conocemos, y se extendi\u00f3 a todo el estado\u00bb.<\/p>\n\n\n\n<p>Y afirm\u00f3: \u00abPero hoy venimos con m\u00e1s fuerza, porque la Secretar\u00eda de Cultura, en su direcci\u00f3n, planificaci\u00f3n, dise\u00f1o y actividades culturales, se convierte en el Centro de Formaci\u00f3n Art\u00edstica del Zulia\u00bb.<\/p>\n\n\n\n<p>En n\u00fameros, la Secretar\u00eda de Cultura posee m\u00e1s de 2 mil 600 alumnos repartidos en nueve escuelas. \u00abHemos logrado un acuerdo con la Universidad &#8216;Cecilio Acosta&#8217;, porque ahora estos artistas no solo obtendr\u00e1n su certificaci\u00f3n por parte de la instituci\u00f3n gubernamental, sino que todas las asignaturas y materias que cursen y estudien durante el proceso de desarrollo y aprendizaje ser\u00e1n certificadas por esta Casa de Estudios Superiores. Es un convenio espectacular que servir\u00e1 en Venezuela y el resto del mundo\u00bb.<\/p>\n\n\n\n<p>Rosales aprovech\u00f3 este acto para felicitar el esfuerzo y el trabajo ejemplar de quienes desarrollaron esta obra: Viviana M\u00e1rquez, Ester Arg\u00fcelles, Lorena Petit y Alejandro Fern\u00e1ndez. \u201cCada uno en su \u00e1rea contribuy\u00f3 a terminar esta obra, junto con el equipo presente que tiene que ver con este hermoso edificio que hoy se pone en funcionamiento\u201d.<\/p>\n\n\n\n<figure class=\"wp-block-image size-large\"><img decoding=\"async\" width=\"1024\" height=\"682\" src=\"https:\/\/entretormentas.com\/wp-content\/uploads\/2024\/12\/image-393-1024x682.png\" alt=\"\" class=\"wp-image-11530\" srcset=\"https:\/\/entretormentas.com\/wp-content\/uploads\/2024\/12\/image-393-1024x682.png 1024w, https:\/\/entretormentas.com\/wp-content\/uploads\/2024\/12\/image-393-300x200.png 300w, https:\/\/entretormentas.com\/wp-content\/uploads\/2024\/12\/image-393-768x512.png 768w, https:\/\/entretormentas.com\/wp-content\/uploads\/2024\/12\/image-393-1536x1024.png 1536w, https:\/\/entretormentas.com\/wp-content\/uploads\/2024\/12\/image-393-2048x1365.png 2048w\" sizes=\"(max-width: 1024px) 100vw, 1024px\" \/><\/figure>\n\n\n\n<p>Los trabajos de construcci\u00f3n, recuperaci\u00f3n y modernizaci\u00f3n del edificio \u00abAndr\u00e9s Eloy Blanco\u00bb de la Secretar\u00eda de Cultura se ejecutaron en 8 mil 540 metros cuadrados que comprenden esta estructura entre salones, talleres, \u00e1reas comunes, salas sanitarias y espacios verdes que benefician a alumnos ni\u00f1os, j\u00f3venes y adultos.<\/p>\n\n\n\n<p>Adem\u00e1s, se construyeron, recuperaron y modernizaron los sistemas de aguas blancas y servidas, el sistema el\u00e9ctrico, se instalaron las luminarias tanto internas como externas; se puso en funcionamiento un moderno sistema de hidroneum\u00e1tico. Igualmente, se impermeabiliz\u00f3 y climatiz\u00f3 todo el espacio, se fabricaron pisos y puertas de madera. A su vez, se recuperaron instrumentos y piezas de mobiliario importantes para el respectivo funcionamiento de la Secretar\u00eda de Cultura del estado Zulia.<br><strong><em>ET \/ Nota de Prensa<\/em><\/strong><\/p>\n","protected":false},"excerpt":{"rendered":"<p>ENTRE TORMENTAS. El gobernador del Zulia, Manuel Rosales Guerrero, inaugur\u00f3 la tarde noche de este&#8230;<\/p>\n","protected":false},"author":2,"featured_media":11529,"comment_status":"closed","ping_status":"open","sticky":false,"template":"","format":"standard","meta":{"footnotes":""},"categories":[1],"tags":[],"class_list":["post-11527","post","type-post","status-publish","format-standard","has-post-thumbnail","hentry","category-regionales"],"_links":{"self":[{"href":"https:\/\/entretormentas.com\/index.php?rest_route=\/wp\/v2\/posts\/11527","targetHints":{"allow":["GET"]}}],"collection":[{"href":"https:\/\/entretormentas.com\/index.php?rest_route=\/wp\/v2\/posts"}],"about":[{"href":"https:\/\/entretormentas.com\/index.php?rest_route=\/wp\/v2\/types\/post"}],"author":[{"embeddable":true,"href":"https:\/\/entretormentas.com\/index.php?rest_route=\/wp\/v2\/users\/2"}],"replies":[{"embeddable":true,"href":"https:\/\/entretormentas.com\/index.php?rest_route=%2Fwp%2Fv2%2Fcomments&post=11527"}],"version-history":[{"count":1,"href":"https:\/\/entretormentas.com\/index.php?rest_route=\/wp\/v2\/posts\/11527\/revisions"}],"predecessor-version":[{"id":11531,"href":"https:\/\/entretormentas.com\/index.php?rest_route=\/wp\/v2\/posts\/11527\/revisions\/11531"}],"wp:featuredmedia":[{"embeddable":true,"href":"https:\/\/entretormentas.com\/index.php?rest_route=\/wp\/v2\/media\/11529"}],"wp:attachment":[{"href":"https:\/\/entretormentas.com\/index.php?rest_route=%2Fwp%2Fv2%2Fmedia&parent=11527"}],"wp:term":[{"taxonomy":"category","embeddable":true,"href":"https:\/\/entretormentas.com\/index.php?rest_route=%2Fwp%2Fv2%2Fcategories&post=11527"},{"taxonomy":"post_tag","embeddable":true,"href":"https:\/\/entretormentas.com\/index.php?rest_route=%2Fwp%2Fv2%2Ftags&post=11527"}],"curies":[{"name":"wp","href":"https:\/\/api.w.org\/{rel}","templated":true}]}}