{"id":11535,"date":"2024-12-18T09:09:16","date_gmt":"2024-12-18T08:09:16","guid":{"rendered":"https:\/\/entretormentas.com\/?p=11535"},"modified":"2024-12-18T09:09:16","modified_gmt":"2024-12-18T08:09:16","slug":"en-san-francisco-mas-de-60-cuadrillas-de-saneamiento-ambiental-persisten-en-la-limpieza-de-las-parroquias","status":"publish","type":"post","link":"https:\/\/entretormentas.com\/en-san-francisco-mas-de-60-cuadrillas-de-saneamiento-ambiental-persisten-en-la-limpieza-de-las-parroquias\/","title":{"rendered":"\u00a1EN SAN FRANCISCO\u00a1 M\u00e1s de 60 cuadrillas de saneamiento ambiental persisten en la limpieza de las parroquias"},"content":{"rendered":"\n<p><strong>ENTRE TORMENTAS.<\/strong> El compromiso de mantener un municipio limpio y ordenado es una de las pautas diarias, por las que la gesti\u00f3n del alcalde Gustavo Fern\u00e1ndez, se esfuerza con precisi\u00f3n a trav\u00e9s del Instituto Municipal de Ambiente y Aseo Urbano (Imasur), con el despliegue de 61 cuadrillas simult\u00e1neas en las siete parroquias del municipio San Francisco.<\/p>\n\n\n\n<p>Mediante cronogramas diarios, se priorizan los sectores que ameritan mayor atenci\u00f3n y operativos especiales de saneamiento ambiental, con la intervenci\u00f3n de seis cuadrillas m\u00f3viles conformadas por 20 ambientalistas, las cuales atienden los corredores, las calles y avenidas principales, aunado a esto, las cuadrillas est\u00e1ticas tambi\u00e9n se encuentran activas en sitios determinados todas las semanas, seg\u00fan inform\u00f3 Mario L\u00f3pez, director de Saneamiento Ambiental de Imasur.<\/p>\n\n\n\n<figure class=\"wp-block-image size-large\"><img fetchpriority=\"high\" decoding=\"async\" width=\"1024\" height=\"682\" src=\"https:\/\/entretormentas.com\/wp-content\/uploads\/2024\/12\/image-396-1024x682.png\" alt=\"\" class=\"wp-image-11537\" srcset=\"https:\/\/entretormentas.com\/wp-content\/uploads\/2024\/12\/image-396-1024x682.png 1024w, https:\/\/entretormentas.com\/wp-content\/uploads\/2024\/12\/image-396-300x200.png 300w, https:\/\/entretormentas.com\/wp-content\/uploads\/2024\/12\/image-396-768x512.png 768w, https:\/\/entretormentas.com\/wp-content\/uploads\/2024\/12\/image-396.png 1280w\" sizes=\"(max-width: 1024px) 100vw, 1024px\" \/><\/figure>\n\n\n\n<p>Adem\u00e1s de las cuadrillas m\u00f3viles y est\u00e1ticas, Imasur se encuentra desplegado en diversos sectores de las parroquias, con unidades de respuesta inmediata en corredores viales de la ciudad, calles y avenidas principales, seg\u00fan inform\u00f3 L\u00f3pez. \u00abTenemos trabajando todos los d\u00edas cinco trimotos y tres camiones estacas para complementar el trabajo que las cuadrillas ejecutan en todo el municipio\u00bb, resalt\u00f3.<\/p>\n\n\n\n<p>Por \u00faltimo, Mario L\u00f3pez, director de Saneamiento Ambiental de Imasur, manifest\u00f3 que los trabajos de higienizaci\u00f3n, tambi\u00e9n comprenden el desmalezamiento de \u00e1reas de todos los espacios que as\u00ed lo requieran, al igual que formar parte del plan de contingencia activo para la temporada navide\u00f1a en curso\u00bb, indic\u00f3.<\/p>\n\n\n\n<p>En San Francisco el orden y la limpieza de todos los espacios p\u00fablicos, son parte de los compromisos adquiridos por el alcalde Gustavo Fern\u00e1ndez y su equipo de trabajo con todos sus ciudadanos.<br><strong><em>ET \/ Alcald\u00eda de San Francisco<\/em><\/strong><\/p>\n","protected":false},"excerpt":{"rendered":"<p>ENTRE TORMENTAS. El compromiso de mantener un municipio limpio y ordenado es una de las&#8230;<\/p>\n","protected":false},"author":2,"featured_media":11536,"comment_status":"closed","ping_status":"open","sticky":false,"template":"","format":"standard","meta":{"footnotes":""},"categories":[57,1],"tags":[],"class_list":["post-11535","post","type-post","status-publish","format-standard","has-post-thumbnail","hentry","category-actualidad","category-regionales"],"_links":{"self":[{"href":"https:\/\/entretormentas.com\/index.php?rest_route=\/wp\/v2\/posts\/11535","targetHints":{"allow":["GET"]}}],"collection":[{"href":"https:\/\/entretormentas.com\/index.php?rest_route=\/wp\/v2\/posts"}],"about":[{"href":"https:\/\/entretormentas.com\/index.php?rest_route=\/wp\/v2\/types\/post"}],"author":[{"embeddable":true,"href":"https:\/\/entretormentas.com\/index.php?rest_route=\/wp\/v2\/users\/2"}],"replies":[{"embeddable":true,"href":"https:\/\/entretormentas.com\/index.php?rest_route=%2Fwp%2Fv2%2Fcomments&post=11535"}],"version-history":[{"count":1,"href":"https:\/\/entretormentas.com\/index.php?rest_route=\/wp\/v2\/posts\/11535\/revisions"}],"predecessor-version":[{"id":11538,"href":"https:\/\/entretormentas.com\/index.php?rest_route=\/wp\/v2\/posts\/11535\/revisions\/11538"}],"wp:featuredmedia":[{"embeddable":true,"href":"https:\/\/entretormentas.com\/index.php?rest_route=\/wp\/v2\/media\/11536"}],"wp:attachment":[{"href":"https:\/\/entretormentas.com\/index.php?rest_route=%2Fwp%2Fv2%2Fmedia&parent=11535"}],"wp:term":[{"taxonomy":"category","embeddable":true,"href":"https:\/\/entretormentas.com\/index.php?rest_route=%2Fwp%2Fv2%2Fcategories&post=11535"},{"taxonomy":"post_tag","embeddable":true,"href":"https:\/\/entretormentas.com\/index.php?rest_route=%2Fwp%2Fv2%2Ftags&post=11535"}],"curies":[{"name":"wp","href":"https:\/\/api.w.org\/{rel}","templated":true}]}}