{"id":11539,"date":"2024-12-18T09:11:59","date_gmt":"2024-12-18T08:11:59","guid":{"rendered":"https:\/\/entretormentas.com\/?p=11539"},"modified":"2024-12-18T09:12:00","modified_gmt":"2024-12-18T08:12:00","slug":"en-san-francisco-mas-de-800-personas-atendidas-en-la-feria-de-la-hallaca","status":"publish","type":"post","link":"https:\/\/entretormentas.com\/en-san-francisco-mas-de-800-personas-atendidas-en-la-feria-de-la-hallaca\/","title":{"rendered":"\u00a1EN SAN FRANCISCO! M\u00e1s de 800 personas atendidas en la Feria de la Hallaca"},"content":{"rendered":"\n<p><strong>ENTRE TORMENTAS. <\/strong>En el marco del programa Mercado Popular, impulsado por el gobernador Manuel Rosales se llev\u00f3 a cabo una exitosa jornada de la Feria de la Hallaca, este martes, en la cancha de la Iglesia Nuestra Se\u00f1ora de Guadalupe, ubicada en el sector Sierra Maestra de la parroquia Francisco Ochoa.<\/p>\n\n\n\n<p>En esta jornada en San Francisco, m\u00e1s de 800 personas tuvieron acceso a una amplia variedad de productos de primera necesidad, todos de alta calidad y a precios solidarios. Los asistentes pudieron adquirir alimentos de la cesta b\u00e1sica y las prote\u00ednas esenciales para la preparaci\u00f3n de las hallacas venezolanas.<\/p>\n\n\n\n<p>El alcalde Gustavo Fern\u00e1ndez, quien comparti\u00f3 con los vecinos congregados para esta actividad, hizo un llamado a la colectividad a acudir y beneficiarse con esta jornada en el que se ofreci\u00f3 como el mismo indic\u00f3 \u201calimentos de calidad a muy buen precio. Aqu\u00ed pueden comprar de todo para la elaboraci\u00f3n de las tradicionales hallacas, a precios que en otro lugar no van a encontrar\u201d. Detallando entre los productos bijao, harina, aceite, huevo, queso, carne, pollo, gallina y pernil. \u201cAs\u00ed que v\u00e9nganse a San Francisco, porque el gobernador Manuel Rosales, est\u00e1 haciendo un importante esfuerzo por el bienestar de la gente del Zulia, y muy especialmente de la nuestra, de San Francisco\u201d.<\/p>\n\n\n\n<figure class=\"wp-block-image size-large\"><img fetchpriority=\"high\" decoding=\"async\" width=\"1024\" height=\"576\" src=\"https:\/\/entretormentas.com\/wp-content\/uploads\/2024\/12\/image-398-1024x576.png\" alt=\"\" class=\"wp-image-11541\" srcset=\"https:\/\/entretormentas.com\/wp-content\/uploads\/2024\/12\/image-398-1024x576.png 1024w, https:\/\/entretormentas.com\/wp-content\/uploads\/2024\/12\/image-398-300x169.png 300w, https:\/\/entretormentas.com\/wp-content\/uploads\/2024\/12\/image-398-768x432.png 768w, https:\/\/entretormentas.com\/wp-content\/uploads\/2024\/12\/image-398.png 1080w\" sizes=\"(max-width: 1024px) 100vw, 1024px\" \/><\/figure>\n\n\n\n<p>Mar\u00eda Paola Garc\u00eda, gerente general de los Mercados Populares de la Gobernaci\u00f3n del Zulia, inform\u00f3\u201cestamos en Sierra Maestra con un mercado gracias a la gesti\u00f3n del gobernador Manuel Rosales en conjunto con alcalde de San Francisco, Gustavo Fern\u00e1ndez, trayendo productos de calidad con unos excelentes subsidios, de entre el 40 y al 50%, con mercanc\u00eda para 800 personas\u201d.<\/p>\n\n\n\n<p>Los vecinos mostraron su agradecimiento por esta actividad, entre ellos la se\u00f1ora Rosmeira Rodr\u00edguez, habitante del sector La Pomona, quien manifest\u00f3 \u201clos precios son accesibles, bastante econ\u00f3micos. Compre leche, harina, mantequilla, aceite, pollo, charcuter\u00eda, y todos son productos de calidad\u201d. Y G\u00e9nesis Rubio del sector San Felipe, quien refiri\u00f3 que \u201cme parece que los precios son muy accesibles y muy buena la organizaci\u00f3n\u201d.<\/p>\n\n\n\n<p>Por su parte, Devora Mendoza, de la parroquia Francisco Ochoa, indic\u00f3 que es muy buena la jornada, los precios y la calidad de los productos, \u201cagradecemos esta acci\u00f3n al gobernador Manuel Rosales\u201d. Mientras que Ninfa Rodr\u00edguez, del sector Sierra Maestra, dijo mientras hac\u00eda su fila para cancelar, \u201cme cay\u00f3 del cielo, los precios son excelentes\u201d.<\/p>\n\n\n\n<p>Este esfuerzo busca no solo facilitar el acceso a alimentos b\u00e1sicos, sino tambi\u00e9n fortalecer la econom\u00eda y promover la tradici\u00f3n culinaria del pa\u00eds, especialmente en esta \u00e9poca del a\u00f1o en la que las hallacas son un plato emblem\u00e1tico en las celebraciones navide\u00f1as. La jornada fue un \u00e9xito rotundo, reflejando el compromiso de las autoridades municipales y regionales con el bienestar de la comunidad y la promoci\u00f3n de productos de calidad a precios justos.<br><strong><em>ET \/ Alcald\u00eda de San Francisco<\/em><\/strong><\/p>\n","protected":false},"excerpt":{"rendered":"<p>ENTRE TORMENTAS. En el marco del programa Mercado Popular, impulsado por el gobernador Manuel Rosales&#8230;<\/p>\n","protected":false},"author":2,"featured_media":11540,"comment_status":"closed","ping_status":"open","sticky":false,"template":"","format":"standard","meta":{"footnotes":""},"categories":[57,1],"tags":[],"class_list":["post-11539","post","type-post","status-publish","format-standard","has-post-thumbnail","hentry","category-actualidad","category-regionales"],"_links":{"self":[{"href":"https:\/\/entretormentas.com\/index.php?rest_route=\/wp\/v2\/posts\/11539","targetHints":{"allow":["GET"]}}],"collection":[{"href":"https:\/\/entretormentas.com\/index.php?rest_route=\/wp\/v2\/posts"}],"about":[{"href":"https:\/\/entretormentas.com\/index.php?rest_route=\/wp\/v2\/types\/post"}],"author":[{"embeddable":true,"href":"https:\/\/entretormentas.com\/index.php?rest_route=\/wp\/v2\/users\/2"}],"replies":[{"embeddable":true,"href":"https:\/\/entretormentas.com\/index.php?rest_route=%2Fwp%2Fv2%2Fcomments&post=11539"}],"version-history":[{"count":1,"href":"https:\/\/entretormentas.com\/index.php?rest_route=\/wp\/v2\/posts\/11539\/revisions"}],"predecessor-version":[{"id":11542,"href":"https:\/\/entretormentas.com\/index.php?rest_route=\/wp\/v2\/posts\/11539\/revisions\/11542"}],"wp:featuredmedia":[{"embeddable":true,"href":"https:\/\/entretormentas.com\/index.php?rest_route=\/wp\/v2\/media\/11540"}],"wp:attachment":[{"href":"https:\/\/entretormentas.com\/index.php?rest_route=%2Fwp%2Fv2%2Fmedia&parent=11539"}],"wp:term":[{"taxonomy":"category","embeddable":true,"href":"https:\/\/entretormentas.com\/index.php?rest_route=%2Fwp%2Fv2%2Fcategories&post=11539"},{"taxonomy":"post_tag","embeddable":true,"href":"https:\/\/entretormentas.com\/index.php?rest_route=%2Fwp%2Fv2%2Ftags&post=11539"}],"curies":[{"name":"wp","href":"https:\/\/api.w.org\/{rel}","templated":true}]}}