{"id":11554,"date":"2024-12-18T09:24:06","date_gmt":"2024-12-18T08:24:06","guid":{"rendered":"https:\/\/entretormentas.com\/?p=11554"},"modified":"2024-12-18T09:24:07","modified_gmt":"2024-12-18T08:24:07","slug":"su-esposo-sigue-preso-excarcelada-karla-parra-joven-embarazada-detenida-en-hechos-postelectorales","status":"publish","type":"post","link":"https:\/\/entretormentas.com\/su-esposo-sigue-preso-excarcelada-karla-parra-joven-embarazada-detenida-en-hechos-postelectorales\/","title":{"rendered":"\u00a1SU ESPOSO SIGUE PRESO! Excarcelada Karla Parra, joven embarazada detenida en hechos postelectorales"},"content":{"rendered":"\n<p><strong>ENTRE TORMENTAS. <\/strong>La ONG Fundaci\u00f3n de Derechos Humanos de los Llanos (Fundehullan) inform\u00f3 este martes que fue excarcelada Karla Parra, quien estuvo m\u00e1s de cuatro meses detenida arbitrariamente, a pesar de estar embarazada, tras haber sido arrestada en el contexto de las elecciones presidenciales del 28 de julio.<\/p>\n\n\n\n<p>A trav\u00e9s de X, Fundehullan detall\u00f3 que Parra, de 20 a\u00f1os, estaba recluida en el Internado Judicial Los Pinos, en el estado Gu\u00e1rico, aunque inicialmente estuvo detenida en otro centro tras su arresto el pasado 30 de julio, cuando tambi\u00e9n fue apresado su pareja, Abraham Armas -de 19 a\u00f1os-, quien permanece en la c\u00e1rcel de Tocor\u00f3n, en Aragua.<\/p>\n\n\n\n<figure class=\"wp-block-image size-full\"><img fetchpriority=\"high\" decoding=\"async\" width=\"720\" height=\"769\" src=\"https:\/\/entretormentas.com\/wp-content\/uploads\/2024\/12\/image-404.png\" alt=\"\" class=\"wp-image-11555\" srcset=\"https:\/\/entretormentas.com\/wp-content\/uploads\/2024\/12\/image-404.png 720w, https:\/\/entretormentas.com\/wp-content\/uploads\/2024\/12\/image-404-281x300.png 281w\" sizes=\"(max-width: 720px) 100vw, 720px\" \/><\/figure>\n\n\n\n<p>\u00abFueron detenidos por la PNB (Polic\u00eda Nacional Bolivariana) cuando se dirig\u00edan a buscar a su ni\u00f1a. En ese momento Karla ten\u00eda tres meses de embarazo y as\u00ed se lo hizo saber a los funcionarios\u00bb, asegur\u00f3 a EFE Fundehullan.<\/p>\n\n\n\n<p>Este martes, el Observatorio Venezolano de Prisiones (OVP) inform\u00f3 que un total de 11 presos pol\u00edticos fueron excarcelados del penal de Tocuyito, en el estado Carabobo.<\/p>\n\n\n\n<p>Estas excarcelaciones se producen luego de que el lunes se conociera de la muerte del preso pol\u00edtico Osgual Alexander Gonz\u00e1lez P\u00e9rez en la misma prisi\u00f3n, donde tambi\u00e9n falleci\u00f3 Jes\u00fas Rafael \u00c1lvarez, ambos detenidos en el contexto de protestas poselectorales.<br><strong><em>ET \/ EFE<\/em><\/strong><\/p>\n","protected":false},"excerpt":{"rendered":"<p>ENTRE TORMENTAS. La ONG Fundaci\u00f3n de Derechos Humanos de los Llanos (Fundehullan) inform\u00f3 este martes&#8230;<\/p>\n","protected":false},"author":2,"featured_media":11556,"comment_status":"closed","ping_status":"open","sticky":false,"template":"","format":"standard","meta":{"footnotes":""},"categories":[56,49],"tags":[],"class_list":["post-11554","post","type-post","status-publish","format-standard","has-post-thumbnail","hentry","category-destacadas","category-nacionales"],"_links":{"self":[{"href":"https:\/\/entretormentas.com\/index.php?rest_route=\/wp\/v2\/posts\/11554","targetHints":{"allow":["GET"]}}],"collection":[{"href":"https:\/\/entretormentas.com\/index.php?rest_route=\/wp\/v2\/posts"}],"about":[{"href":"https:\/\/entretormentas.com\/index.php?rest_route=\/wp\/v2\/types\/post"}],"author":[{"embeddable":true,"href":"https:\/\/entretormentas.com\/index.php?rest_route=\/wp\/v2\/users\/2"}],"replies":[{"embeddable":true,"href":"https:\/\/entretormentas.com\/index.php?rest_route=%2Fwp%2Fv2%2Fcomments&post=11554"}],"version-history":[{"count":1,"href":"https:\/\/entretormentas.com\/index.php?rest_route=\/wp\/v2\/posts\/11554\/revisions"}],"predecessor-version":[{"id":11557,"href":"https:\/\/entretormentas.com\/index.php?rest_route=\/wp\/v2\/posts\/11554\/revisions\/11557"}],"wp:featuredmedia":[{"embeddable":true,"href":"https:\/\/entretormentas.com\/index.php?rest_route=\/wp\/v2\/media\/11556"}],"wp:attachment":[{"href":"https:\/\/entretormentas.com\/index.php?rest_route=%2Fwp%2Fv2%2Fmedia&parent=11554"}],"wp:term":[{"taxonomy":"category","embeddable":true,"href":"https:\/\/entretormentas.com\/index.php?rest_route=%2Fwp%2Fv2%2Fcategories&post=11554"},{"taxonomy":"post_tag","embeddable":true,"href":"https:\/\/entretormentas.com\/index.php?rest_route=%2Fwp%2Fv2%2Ftags&post=11554"}],"curies":[{"name":"wp","href":"https:\/\/api.w.org\/{rel}","templated":true}]}}