{"id":11562,"date":"2024-12-18T09:30:14","date_gmt":"2024-12-18T08:30:14","guid":{"rendered":"https:\/\/entretormentas.com\/?p=11562"},"modified":"2024-12-18T09:30:14","modified_gmt":"2024-12-18T08:30:14","slug":"delcy-rodriguez-a-canada-el-pueblo-venezolano-se-ocupara-de-su-libertad-e-independencia","status":"publish","type":"post","link":"https:\/\/entretormentas.com\/delcy-rodriguez-a-canada-el-pueblo-venezolano-se-ocupara-de-su-libertad-e-independencia\/","title":{"rendered":"DELCY RODR\u00cdGUEZ A CANAD\u00c1: \u00abEl pueblo venezolano se ocupar\u00e1 de su libertad e independencia\u00bb"},"content":{"rendered":"\n<p><strong>ENTRE TORMENTAS. <\/strong>La vicepresidenta ejecutiva, Delcy Rodr\u00edguez, rechaz\u00f3 este martes que el Gobierno de Canad\u00e1 sancionara a funcionarios del Estado, afirmando que es un gobierno que \u201cle brinda pleites\u00eda a quienes los humillan\u201d y aseverando que el pueblo de Venezuela se ocupar\u00e1 de su libertad e independencia, informa \u00daltimas Noticias.<\/p>\n\n\n\n<p>\u201cHoy por cierto el Gobierno de Canad\u00e1 sancion\u00f3 a altos funcionarios del Estado venezolano, a la presidenta del Poder Judicial, a magistrados del Poder Judicial, a representantes del Poder Electoral. Es un gobierno que no camina, que se arrastra sobre sus codos y le brinda pleites\u00eda a quienes los humillan. Nosotros les decimos desde Venezuela, oc\u00fapense de que no los humillen como lo hacen, que todos los d\u00edas hacen un papel\u00f3n y un circo frente a sus opresores, que el pueblo venezolano se ocupar\u00e1 de su libertad y de su independencia\u201d, declar\u00f3.<\/p>\n\n\n\n<p>Rodr\u00edguez intervino durante un acto para rendir honores al Libertador Sim\u00f3n Bol\u00edvar en el Pante\u00f3n Nacional, en Caracas, en conmemoraci\u00f3n del 194 aniversario de su paso a la eternidad, acompa\u00f1ada por el vicepresidente sectorial de Pol\u00edtica, Seguridad Ciudadana y Paz, Diosdado Cabello; el vicepresidente sectorial de Soberan\u00eda Pol\u00edtica, Seguridad y Paz, Vladimir Padrino L\u00f3pez; el ministro para Relaciones Exteriores, Yv\u00e1n Gil; entre otras autoridades del pa\u00eds y representantes del cuerpo diplom\u00e1tico acreditado.<\/p>\n\n\n\n<p><strong>Homenaje a Sim\u00f3n Bol\u00edvar<\/strong><br>Rodr\u00edguez resalt\u00f3 la emoci\u00f3n y el honor que genera hablar sobre Bol\u00edvar, incluso fuera de las fronteras venezolanas, en el marco de sus gestas libertadoras ante el colonialismo espa\u00f1ol.<\/p>\n\n\n\n<p>Record\u00f3 que El Libertador daba un mensaje lleno de ideas universales \u201cque hoy nutre nuestro modelo de igualdad, de justicia social\u201d, y lo que significa el legado que dej\u00f3 en diversos \u00e1mbitos a favor de los pueblos.<\/p>\n\n\n\n<p>Asimismo, rememor\u00f3 las acciones llevadas a cabo por Bol\u00edvar para lograr la liberaci\u00f3n de territorios hermanos, \u201csellando definitivamente la independencia de nuestros pa\u00edses frente al yugo espa\u00f1ol\u201d, superando varias adversidades.<\/p>\n\n\n\n<p>Manifest\u00f3 que el legado dejado por Bol\u00edvar, conocido como el hombre de las dificultades, \u201cnos ha ense\u00f1ado a nosotros tambi\u00e9n a ser el pueblo de las dificultades, a no rendirnos jam\u00e1s, a no humillarnos jam\u00e1s, a no mostrarnos d\u00e9biles frente a quienes pretenden subyugarnos\u201d.<br><strong><em>ET \/ \u00daltimas Noticias<\/em><\/strong><\/p>\n","protected":false},"excerpt":{"rendered":"<p>ENTRE TORMENTAS. La vicepresidenta ejecutiva, Delcy Rodr\u00edguez, rechaz\u00f3 este martes que el Gobierno de Canad\u00e1&#8230;<\/p>\n","protected":false},"author":2,"featured_media":11564,"comment_status":"closed","ping_status":"open","sticky":false,"template":"","format":"standard","meta":{"footnotes":""},"categories":[56,49],"tags":[],"class_list":["post-11562","post","type-post","status-publish","format-standard","has-post-thumbnail","hentry","category-destacadas","category-nacionales"],"_links":{"self":[{"href":"https:\/\/entretormentas.com\/index.php?rest_route=\/wp\/v2\/posts\/11562","targetHints":{"allow":["GET"]}}],"collection":[{"href":"https:\/\/entretormentas.com\/index.php?rest_route=\/wp\/v2\/posts"}],"about":[{"href":"https:\/\/entretormentas.com\/index.php?rest_route=\/wp\/v2\/types\/post"}],"author":[{"embeddable":true,"href":"https:\/\/entretormentas.com\/index.php?rest_route=\/wp\/v2\/users\/2"}],"replies":[{"embeddable":true,"href":"https:\/\/entretormentas.com\/index.php?rest_route=%2Fwp%2Fv2%2Fcomments&post=11562"}],"version-history":[{"count":1,"href":"https:\/\/entretormentas.com\/index.php?rest_route=\/wp\/v2\/posts\/11562\/revisions"}],"predecessor-version":[{"id":11565,"href":"https:\/\/entretormentas.com\/index.php?rest_route=\/wp\/v2\/posts\/11562\/revisions\/11565"}],"wp:featuredmedia":[{"embeddable":true,"href":"https:\/\/entretormentas.com\/index.php?rest_route=\/wp\/v2\/media\/11564"}],"wp:attachment":[{"href":"https:\/\/entretormentas.com\/index.php?rest_route=%2Fwp%2Fv2%2Fmedia&parent=11562"}],"wp:term":[{"taxonomy":"category","embeddable":true,"href":"https:\/\/entretormentas.com\/index.php?rest_route=%2Fwp%2Fv2%2Fcategories&post=11562"},{"taxonomy":"post_tag","embeddable":true,"href":"https:\/\/entretormentas.com\/index.php?rest_route=%2Fwp%2Fv2%2Ftags&post=11562"}],"curies":[{"name":"wp","href":"https:\/\/api.w.org\/{rel}","templated":true}]}}