{"id":11575,"date":"2024-12-19T08:55:39","date_gmt":"2024-12-19T07:55:39","guid":{"rendered":"https:\/\/entretormentas.com\/?p=11575"},"modified":"2024-12-19T08:55:40","modified_gmt":"2024-12-19T07:55:40","slug":"los-que-llegaron-al-zulia-y-se-quedaron-vi-llego-de-alemania-y-ayudo-a-desarrollar-a-la-industria-cervecera-del-estado-zulia","status":"publish","type":"post","link":"https:\/\/entretormentas.com\/los-que-llegaron-al-zulia-y-se-quedaron-vi-llego-de-alemania-y-ayudo-a-desarrollar-a-la-industria-cervecera-del-estado-zulia\/","title":{"rendered":"LOS QUE LLEGARON AL ZULIA Y SE QUEDARON VI: Lleg\u00f3 de Alemania y ayud\u00f3 a desarrollar a la industria cervecera del estado Zulia"},"content":{"rendered":"\n<p><strong><em>El joven Walter Robert Wilhelm L\u00fcckert Wehner lleg\u00f3 a Venezuela a los 23 a\u00f1os de edad, el 9 de marzo de 1927 en plena dictadura del general Juan Vicente G\u00f3mez<\/em><\/strong><\/p>\n\n\n\n<p><strong>ENTRE TORMENTAS.<\/strong> En la sede principal de la cervecer\u00eda La Regional en la avenida Los Haticos de Maracaibo, durante 50 a\u00f1os fue mejor conocido como \u00abLucas\u00bb, a\u00fan cuando su nombre, Walter Robert Wilhelm L\u00fcckert Wehner, revelaba su origen alem\u00e1n. Estuvo entre los europeos que llegaron a Venezuela despu\u00e9s de la 1era gran guerra mundial, entre 1914-1918, huyendo de la conflictividad social desatada en Alemania cuando fue sometida a fuertes sanciones, por ser la gran derrotada durante la guerra que da\u00f1o dr\u00e1sticamente la econom\u00eda, el empleo, la producci\u00f3n de alimentos y los servicios, afectando la calidad de vida del pueblo germano.<\/p>\n\n\n\n<p>Walter Robert Wilhelm L\u00fcckert Wehner lleg\u00f3 a Venezuela a la edad de 23 a\u00f1os. Quiz\u00e1 tuvo pocas mudas de ropa y s\u00f3lo su preparaci\u00f3n profesional como qu\u00edmico industrial, eran su \u00fanico equipaje, cuando arrib\u00f3 al puerto mar\u00edtimo de La Guaira por donde a\u00f1os despu\u00e9s, desembarcar\u00edan miles de hombres, mujeres, ni\u00f1os y ancianos de distintas nacionalidades en otra oleada humana que vino a esta parte del mundo, cuando termin\u00f3 la 2da. guerra mundial en 1945.<\/p>\n\n\n\n<figure class=\"wp-block-image size-large\"><img fetchpriority=\"high\" decoding=\"async\" width=\"1024\" height=\"722\" src=\"https:\/\/entretormentas.com\/wp-content\/uploads\/2024\/12\/image-416-1024x722.png\" alt=\"\" class=\"wp-image-11577\" srcset=\"https:\/\/entretormentas.com\/wp-content\/uploads\/2024\/12\/image-416-1024x722.png 1024w, https:\/\/entretormentas.com\/wp-content\/uploads\/2024\/12\/image-416-300x211.png 300w, https:\/\/entretormentas.com\/wp-content\/uploads\/2024\/12\/image-416-768x541.png 768w, https:\/\/entretormentas.com\/wp-content\/uploads\/2024\/12\/image-416.png 1080w\" sizes=\"(max-width: 1024px) 100vw, 1024px\" \/><\/figure>\n\n\n\n<p>No existen registros de que a su ingreso a la que ser\u00eda su nueva patria haya estado acompa\u00f1ada por otro familiar directo, refieren tres de sus nueve hijos vivos que procre\u00f3 con la venezolana, Carmen Alicia Le\u00f3n Gil (+). Guillermo, Dora y Dalia son descendientes directos de \u00e9ste inmigrante alem\u00e1n, nacido en Z\u00fclllchow, el 4 de enero de 1904, quien hizo de la Tierra del Sol Amada su hogar definitivo durante su vida en Venezuela. Ellos cuentan la historia de vida de su pap\u00e1, protagonista de esta VI entrega de Los que llegaron al Zulia y se quedaron.<\/p>\n\n\n\n<p>El joven Walter Robert Wilhelm L\u00fcckert Wernth pis\u00f3 tierra venezolana durante la f\u00e9rrea dictadura de Juan Vicente G\u00f3mez, quien gobern\u00f3 el pa\u00eds hasta su muerte en diciembre de 1936. En Caracas, donde seguramente la presencia de expertos conocedores del proceso para elaborar el producto cervecero industrialmente no era cosa sencilla encontrar, \u00e9l no tuvo dificultad para conseguir su primer empleo en la cuna del Libertador Sim\u00f3n Bol\u00edvar.<\/p>\n\n\n\n<p>En la Sultana del \u00c1vila, Walter Robert, pondr\u00eda en pr\u00e1ctica sus conocimientos profesionales de qu\u00edmico industrial al servicio de la Cervecer\u00eda Zulia. No obstante, sus hijos, no tienen registro del tiempo que su pap\u00e1 permaneci\u00f3 en esa empresa que luego ser\u00eda cerrada, sin saberse las causas. Afirman que luego decidi\u00f3 venirse al estado Zulia quiz\u00e1 atendiendo alguna propuesta de trabajo que lo trajo a explorar la tierra de donde m\u00e1s nunca se ir\u00eda.<\/p>\n\n\n\n<p>En la emblem\u00e1tica empresa La Regional de Los Haticos que tiene 95 a\u00f1os de fundada, entr\u00f3 a laborar como maestro cervecero donde comparti\u00f3 con otros alemanes que estaban establecidos muy cerca del sitio de trabajo.<\/p>\n\n\n\n<p>Maracaibo no era para entonces una ciudad extensa ni inmensa como lo es hoy. En La Regional, nombre que identifica a vox populli a la casi centenaria cervecera, Walter Robert Wilhelm L\u00fcckert Wehner, reemplazar\u00eda al primer maestro cervecero de La Regional, Francisco Budell, tambi\u00e9n de origen alem\u00e1n.<\/p>\n\n\n\n<figure class=\"wp-block-image size-full\"><img decoding=\"async\" width=\"562\" height=\"773\" src=\"https:\/\/entretormentas.com\/wp-content\/uploads\/2024\/12\/image-417.png\" alt=\"\" class=\"wp-image-11578\" srcset=\"https:\/\/entretormentas.com\/wp-content\/uploads\/2024\/12\/image-417.png 562w, https:\/\/entretormentas.com\/wp-content\/uploads\/2024\/12\/image-417-218x300.png 218w\" sizes=\"(max-width: 562px) 100vw, 562px\" \/><\/figure>\n\n\n\n<p><strong>Conoci\u00f3 a Alicia<\/strong><\/p>\n\n\n\n<p>En la casa de una familia amiga alemana, Walter Robert Wilhelm L\u00fcckert Wernth, conoci\u00f3 a la mujer que lo acompa\u00f1ar\u00eda hasta el \u00faltimo d\u00eda de su existencia. Carmen Alicia Le\u00f3n Gil, andina nacida en San L\u00e1zaro, estado Trujillo, menor que \u00e9l, le flechar\u00eda el coraz\u00f3n y se convertir\u00eda en la compa\u00f1era de vida hasta su fallecimiento en 1.984. Unieron sus vidas en matrimonio el 17 de noviembre de 1941. Ella morir\u00eda despu\u00e9s a los 70 a\u00f1os, aproximadamente.<\/p>\n\n\n\n<p>Ambos consolidaron una familia honorable, llena de amor, respeto, disciplina y de valores cristianos. Ella cat\u00f3lica ancestral y \u00e9l militante de la corriente religiosa lutherana formaron un hogar caracterizado por lazos de unidad familiar.<\/p>\n\n\n\n<p>Sus hijos mayores Roberto (+) y Guillermo tuvieron el respeto de ambos cuando decidieron consagrar sus vidas a la causa de Cristo. Monse\u00f1or Roberto L\u00fcckert Le\u00f3n falleci\u00f3 el 16 de junio de 2024. Guillermo, hoy descansa en la casa materna, luego de a\u00f1os como misionero o fraile de la orden San Juan de Dios en Per\u00fa, Espa\u00f1a y Maracaibo.<\/p>\n\n\n\n<p><strong>Llegada de los hijos<\/strong><\/p>\n\n\n\n<p>La uni\u00f3n entre Walter y Alicia permiti\u00f3 el crecimiento de la familia que lleg\u00f3 a nueve hijos. Roberto (+) Guillermo, Walter (+), Rafael (+), Francisco (+), Ida (+), Eva (+) Dora y Dalia en ese orden vieron la luz del mundo en la capital del estado Zulia, donde, adem\u00e1s, el esfuerzo y duro trabajo del jefe de familia, &#8211;viv\u00eda pr\u00e1cticamente en su trabajo&#8211;, permiti\u00f3 que todos, sin excepci\u00f3n, recibieran una educaci\u00f3n de primera en colegios privados de la \u00e9poca dirigidos por religiosos.<\/p>\n\n\n\n<p>Dos sacerdotes, tres ingenieros, &#8211;civil y agr\u00f3nomos&#8211;, una administradora, otra docente y la menor, m\u00e9dico veterinaria, ascendieron al campo del saber y del conocimiento que Walter Robert Wilhelm L\u00fcckert Wernth y su esposa Carmen Alicia Le\u00f3n Gil, entendieron como responsabilidad de padres. Esa meta no la cumplir\u00eda Ida, quien falleci\u00f3 a los seis meses de vida.<\/p>\n\n\n\n<p><strong>Chistoso desde peque\u00f1o<\/strong><\/p>\n\n\n\n<p>Guillermo, Dora y Dalia dicen sentirse seres privilegiados por haber tenido la bendici\u00f3n Divina de haber disfrutado, no s\u00f3lo la compa\u00f1\u00eda espiritual que significaron en sus vidas sus padres y Monse\u00f1or Roberto L\u00fcckert Le\u00f3n, sino tambi\u00e9n la fortaleza y gu\u00eda de un hermano, amigo y confidente, pero sobretodo de un ser bueno, especial, excelente, bondadoso, muy humano y de un relevante car\u00e1cter chistoso, juguet\u00f3n y de echador de bromas.<\/p>\n\n\n\n<p>Dicen, adem\u00e1s, que fue una excepcional persona. Un hombre que supo conducirse y cumplir con sus responsabilidades y obligaciones sacerdotales a lo largo de su misi\u00f3n terrenal. Monse\u00f1or Roberto L\u00fcckert Le\u00f3n, pastor de la Iglesia venezolana y alto representante de la jerarqu\u00eda Cat\u00f3lica, no tuvo pelos en la lengua cuando de decir las cosas en su justa dimensi\u00f3n no callaba ante conductas de injusticias sociales o de pol\u00edticas impropias, falsas, mentirosas y mesi\u00e1nicas durante gobiernos de la IV y V Rep\u00fablica.<\/p>\n\n\n\n<figure class=\"wp-block-image size-large\"><img decoding=\"async\" width=\"1024\" height=\"767\" src=\"https:\/\/entretormentas.com\/wp-content\/uploads\/2024\/12\/image-418-1024x767.png\" alt=\"\" class=\"wp-image-11579\" srcset=\"https:\/\/entretormentas.com\/wp-content\/uploads\/2024\/12\/image-418-1024x767.png 1024w, https:\/\/entretormentas.com\/wp-content\/uploads\/2024\/12\/image-418-300x225.png 300w, https:\/\/entretormentas.com\/wp-content\/uploads\/2024\/12\/image-418-768x575.png 768w, https:\/\/entretormentas.com\/wp-content\/uploads\/2024\/12\/image-418.png 1280w\" sizes=\"(max-width: 1024px) 100vw, 1024px\" \/><\/figure>\n\n\n\n<p>El sab\u00eda que le era inc\u00f3modo a ciertos dirigentes pol\u00edticos a quienes dedicaba en sus pastorales consejos y recomendaciones. No obstante, lleg\u00f3 a ser blanco de descalificaciones por sus cr\u00edticas inc\u00f3modas que no agradaban a ovejas que descarrilaban su camino sin importar el bien com\u00fan de la mayor\u00eda de la gente. Era poseedor de un humor que sus tres hermanos no dudan en decir que era innato, nacido con \u00e9l.<\/p>\n\n\n\n<p>Exist\u00eda una chispa \u00fanica en \u00e9l que no dudan en pensarlo que fue un don que pap\u00e1 Dios le regal\u00f3. Su pap\u00e1 no fue una persona caracterizada por tener la destreza dicharachera que a su hijo mayor le sobraba y transmit\u00eda a la grey o con quien hablara. Dicen que Walter a pesar de d\u00e9cadas viviendo en Maracaibo no ten\u00eda un castellano fluido, porque en su permanencia diaria constante en la empresa Cervecer\u00eda La Regional, hablaba m\u00e1s en su idioma de origen por la circunstancia que junto con \u00e9l hab\u00edan otros empleados alemanes.<\/p>\n\n\n\n<p><strong>Muy sincero<\/strong><\/p>\n\n\n\n<p>Guillermo, misionero de la orden de San Juan de Dios hasta su retiro por la edad, comparti\u00f3 con su hermano mayor la misi\u00f3n evangelizadora de llevar la palabra del Creador a cualquier rinc\u00f3n. Asegura que \u00abRoberto fue muy sincero tanto como Sacerdote, Obispo y Arzobispo. El era muy claro en sus cosas. Fue Obispo y Arzobispo de Coro. All\u00e1 lo quieren mucho. Le di\u00f3 la vuelta a Falc\u00f3n tres veces.<\/p>\n\n\n\n<p><strong>Una de tantas an\u00e9cdotas<\/strong><\/p>\n\n\n\n<p>Sus tres hermanos afirman que en la vida de Monse\u00f1or Roberto L\u00fcckert Le\u00f3n siempre habr\u00e1 de encontrarse alguna de sus tantas an\u00e9cdotas de momentos que vivi\u00f3 cumpliendo su misi\u00f3n religiosa. Era muy caracter\u00edstico en \u00e9l ante cualquier evento, bueno, regular o malo no poner mala cara, sino que de su don innato emerg\u00eda siempre como un rayo una segura ocurrencia, fuese tragedia o no, pero lo seguro era que su creatividad mental terminaba por disparar un chiste que siempre ten\u00eda a flor de labios.<\/p>\n\n\n\n<p>No olvidan que \u00ab\u00e9l siempre fue copeyano, calderista\u00bb afirmando que cuando lo nombran Obispo de Coro, \u00e9l mismo se encarg\u00f3 en su ciudad natal de llevar \u00ablas invitaciones personalmente\u00bb a sus amistades y a los jefes pol\u00edticos de la \u00e9poca. Entre risas dicen que de eso Monse\u00f1or L\u00fcckert Le\u00f3n har\u00eda despu\u00e9s un chiste, por el \u00abplant\u00f3n\u00bb al que lo sometieron en la sede de Copei en el Zulia, cerca de la Plaza de Las Madres.<\/p>\n\n\n\n<p>All\u00ed aseguran \u00abdespu\u00e9s de esperar m\u00e1s de una hora\u00bb no ser\u00eda recibido por el m\u00e1ximo l\u00edder socialcristiano del momento \u00abpor encontrarse indispuesto\u00bb. Lo mismo no le pas\u00f3 cuando lleg\u00f3 a las sedes de URD, AD y otras organizaciones donde la consideraci\u00f3n a su investidura religiosa, desbordaba las atenciones de respeto a su figura clerical.<\/p>\n\n\n\n<p>-\u00bfMonse\u00f1or era un libro abierto?.<br>\u00ab\u00bfRoberto?\u2026 uff\u00bb dice haciendo un gesto su hermana Dalia, m\u00e9dico veterinaria. \u00abTe hac\u00eda la partida de nacimiento desde que te conoc\u00eda. Y eso era no solamente contigo, sino con quien llegara. Te preguntaba \u00bfAyyy yo te conozco a vos?. \u00bfNo sois familia de fulanito de tal?.<\/p>\n\n\n\n<p>\u00abEl era muy sincero. Si ten\u00eda que decirte las cosas te las dec\u00eda en la cara\u00bb, asegura Guillermo.<br>-\u00bfRoberto te van a llevar preso?. Bueno que me lleven, record\u00f3 entre risas que siempre respond\u00eda su hermano mayor.<\/p>\n\n\n\n<p>En fin, una historia bonita de una familia que un inmigrante llegado de muy lejos comenz\u00f3 a construir con una venezolana que al paso de los a\u00f1os se repiti\u00f3 en muchos hogares del pa\u00eds, donde hombres y mujeres que llegaron un buen d\u00eda, forjaron valores y educaron a sus hijos para engrandecer y desarrollar a esta gran naci\u00f3n que tiene todo el derecho de superar las dificultades para que regrese la familia que hoy, parad\u00f3jicamente, son migrantes por el mundo.<br><strong><em>Por Jos\u00e9 Aranguibel Carrasco<\/em><\/strong><\/p>\n\n\n\n<p><\/p>\n","protected":false},"excerpt":{"rendered":"<p>El joven Walter Robert Wilhelm L\u00fcckert Wehner lleg\u00f3 a Venezuela a los 23 a\u00f1os de&#8230;<\/p>\n","protected":false},"author":2,"featured_media":11576,"comment_status":"closed","ping_status":"open","sticky":false,"template":"","format":"standard","meta":{"footnotes":""},"categories":[57,1],"tags":[],"class_list":["post-11575","post","type-post","status-publish","format-standard","has-post-thumbnail","hentry","category-actualidad","category-regionales"],"_links":{"self":[{"href":"https:\/\/entretormentas.com\/index.php?rest_route=\/wp\/v2\/posts\/11575","targetHints":{"allow":["GET"]}}],"collection":[{"href":"https:\/\/entretormentas.com\/index.php?rest_route=\/wp\/v2\/posts"}],"about":[{"href":"https:\/\/entretormentas.com\/index.php?rest_route=\/wp\/v2\/types\/post"}],"author":[{"embeddable":true,"href":"https:\/\/entretormentas.com\/index.php?rest_route=\/wp\/v2\/users\/2"}],"replies":[{"embeddable":true,"href":"https:\/\/entretormentas.com\/index.php?rest_route=%2Fwp%2Fv2%2Fcomments&post=11575"}],"version-history":[{"count":1,"href":"https:\/\/entretormentas.com\/index.php?rest_route=\/wp\/v2\/posts\/11575\/revisions"}],"predecessor-version":[{"id":11580,"href":"https:\/\/entretormentas.com\/index.php?rest_route=\/wp\/v2\/posts\/11575\/revisions\/11580"}],"wp:featuredmedia":[{"embeddable":true,"href":"https:\/\/entretormentas.com\/index.php?rest_route=\/wp\/v2\/media\/11576"}],"wp:attachment":[{"href":"https:\/\/entretormentas.com\/index.php?rest_route=%2Fwp%2Fv2%2Fmedia&parent=11575"}],"wp:term":[{"taxonomy":"category","embeddable":true,"href":"https:\/\/entretormentas.com\/index.php?rest_route=%2Fwp%2Fv2%2Fcategories&post=11575"},{"taxonomy":"post_tag","embeddable":true,"href":"https:\/\/entretormentas.com\/index.php?rest_route=%2Fwp%2Fv2%2Ftags&post=11575"}],"curies":[{"name":"wp","href":"https:\/\/api.w.org\/{rel}","templated":true}]}}