{"id":11600,"date":"2024-12-19T09:13:14","date_gmt":"2024-12-19T08:13:14","guid":{"rendered":"https:\/\/entretormentas.com\/?p=11600"},"modified":"2024-12-19T09:13:14","modified_gmt":"2024-12-19T08:13:14","slug":"ante-el-ministerio-publico-familiares-consignan-documento-para-exigir-fe-de-vida-de-presos-politicos","status":"publish","type":"post","link":"https:\/\/entretormentas.com\/ante-el-ministerio-publico-familiares-consignan-documento-para-exigir-fe-de-vida-de-presos-politicos\/","title":{"rendered":"\u00a1ANTE EL MINISTERIO P\u00daBLICO! Familiares consignan documento para exigir fe de vida de presos pol\u00edticos"},"content":{"rendered":"\n<p><strong>ENTRE TORMENTAS.<\/strong> Familiares de los presos pol\u00edticos que registra la administraci\u00f3n de Nicol\u00e1s Maduro, y los cuales est\u00e1n recluidos en El Rodeo consignaron este mi\u00e9rcoles18 de diciembre un documento ante el Ministerio P\u00fablico (MP) para exigir una fe de vida de los detenidos.<\/p>\n\n\n\n<p>Yovanka \u00c1vila detall\u00f3 que desde el pasado viernes comenzaron los c\u00e1nticos de los presos en el Rodeo I, \u00faltimo d\u00eda en que un grupo de familiares pudo visitar a sus presos, sin embargo, los d\u00edas siguientes fue negado el acceso, sin explicaci\u00f3n alguna por parte de las autoridades, mientras que los reclusos segu\u00edan gritando \u00abjusticia, libertad\u00bb, palabras a la que se sum\u00f3 el grito de \u00abasesino\u00bb.<\/p>\n\n\n\n<p>\u00abNecesitamos tener una fe de vida de nuestros familiares porque estamos muy preocupados. No es que va a salir el director del centro o alguna autoridad, porque no nos genera confianza. Lo que nos da tranquilidad a nosotros es conversar con ellos, no hay otra manera que estemos tranquilos\u00bb, expres\u00f3 \u00c1vila.<\/p>\n\n\n\n<p><strong>45 D\u00cdAS DE AISLAMIENTO<\/strong><br>En una situaci\u00f3n similar se encuentra Mildred Mart\u00ednez, esposa de uno de los privados de libertad, quien mostr\u00f3 su preocupaci\u00f3n al no poder comunicarse con su esposo desde hace una semana, y solamente tener las palabras de uno de los custodios de El Rodeo, quienes le indicaron que el penal entr\u00f3 en un proceso de readaptaci\u00f3n, frase que gener\u00f3 mayor zozobra e inquietud, tanto en ella como en el resto de los familiares.<\/p>\n\n\n\n<figure class=\"wp-block-image size-full\"><img fetchpriority=\"high\" decoding=\"async\" width=\"696\" height=\"522\" src=\"https:\/\/entretormentas.com\/wp-content\/uploads\/2024\/12\/image-431.png\" alt=\"\" class=\"wp-image-11602\" srcset=\"https:\/\/entretormentas.com\/wp-content\/uploads\/2024\/12\/image-431.png 696w, https:\/\/entretormentas.com\/wp-content\/uploads\/2024\/12\/image-431-300x225.png 300w\" sizes=\"(max-width: 696px) 100vw, 696px\" \/><\/figure>\n\n\n\n<p>\u00abUn proceso de readaptaci\u00f3n, significar\u00eda hasta 45 d\u00edas de aislamiento y nos preocupa porque no sabemos nada de nuestros familiares, y ya hemos vivido esta situaci\u00f3n anteriormente. Nosotros no sabemos realmente qu\u00e9 es lo que est\u00e1 pasando y el fin de semana fue horrible escucharlos gritar sin poder hacer nada y sin tener informaci\u00f3n de lo que all\u00e1 dentro sucede\u00bb, lament\u00f3 Mart\u00ednez.<\/p>\n\n\n\n<p>Los familiares delegaron a Diego Casanova, tambi\u00e9n con un familiar detenido, para consignar los documentos de cada uno de los casos de los presos, cada carpeta conten\u00eda una ficha resumen sobre el caso y las pruebas de inocencia individualmente por recluido, en un intento por evaluar el expediente y lograr la libertad de aquellos que est\u00e1n presos bajo la administraci\u00f3n de Maduro.<\/p>\n\n\n\n<p>\u00abNosotros acudimos a la Fiscal\u00eda General de la Rep\u00fablica despu\u00e9s que funcionarios nos pidieran informaci\u00f3n sobre nuestras causas en d\u00edas pasados, y por eso estamos aqu\u00ed hoy con estos sobres amarillos, pero tambi\u00e9n denunciamos el maltrato que tambi\u00e9n reciben nuestros familiares en los penales\u00bb, conden\u00f3 Casanova.<\/p>\n\n\n\n<p>En ese sentido, elev\u00f3 la preocupaci\u00f3n sobre las muertes de presos que se han registrado en los \u00faltimos d\u00edas, Casanova pidi\u00f3 especialmente por esta poder estar reunidos en familia sin tener la preocupaci\u00f3n o el miedo que llegue una llamada notificando la muerte de su ser querido.<br><strong><em>ET \/ Contrapunto<\/em><\/strong><\/p>\n\n\n\n<p><\/p>\n","protected":false},"excerpt":{"rendered":"<p>ENTRE TORMENTAS. Familiares de los presos pol\u00edticos que registra la administraci\u00f3n de Nicol\u00e1s Maduro, y&#8230;<\/p>\n","protected":false},"author":2,"featured_media":11601,"comment_status":"closed","ping_status":"open","sticky":false,"template":"","format":"standard","meta":{"footnotes":""},"categories":[56,49],"tags":[],"class_list":["post-11600","post","type-post","status-publish","format-standard","has-post-thumbnail","hentry","category-destacadas","category-nacionales"],"_links":{"self":[{"href":"https:\/\/entretormentas.com\/index.php?rest_route=\/wp\/v2\/posts\/11600","targetHints":{"allow":["GET"]}}],"collection":[{"href":"https:\/\/entretormentas.com\/index.php?rest_route=\/wp\/v2\/posts"}],"about":[{"href":"https:\/\/entretormentas.com\/index.php?rest_route=\/wp\/v2\/types\/post"}],"author":[{"embeddable":true,"href":"https:\/\/entretormentas.com\/index.php?rest_route=\/wp\/v2\/users\/2"}],"replies":[{"embeddable":true,"href":"https:\/\/entretormentas.com\/index.php?rest_route=%2Fwp%2Fv2%2Fcomments&post=11600"}],"version-history":[{"count":1,"href":"https:\/\/entretormentas.com\/index.php?rest_route=\/wp\/v2\/posts\/11600\/revisions"}],"predecessor-version":[{"id":11603,"href":"https:\/\/entretormentas.com\/index.php?rest_route=\/wp\/v2\/posts\/11600\/revisions\/11603"}],"wp:featuredmedia":[{"embeddable":true,"href":"https:\/\/entretormentas.com\/index.php?rest_route=\/wp\/v2\/media\/11601"}],"wp:attachment":[{"href":"https:\/\/entretormentas.com\/index.php?rest_route=%2Fwp%2Fv2%2Fmedia&parent=11600"}],"wp:term":[{"taxonomy":"category","embeddable":true,"href":"https:\/\/entretormentas.com\/index.php?rest_route=%2Fwp%2Fv2%2Fcategories&post=11600"},{"taxonomy":"post_tag","embeddable":true,"href":"https:\/\/entretormentas.com\/index.php?rest_route=%2Fwp%2Fv2%2Ftags&post=11600"}],"curies":[{"name":"wp","href":"https:\/\/api.w.org\/{rel}","templated":true}]}}