{"id":11604,"date":"2024-12-19T09:15:28","date_gmt":"2024-12-19T08:15:28","guid":{"rendered":"https:\/\/entretormentas.com\/?p=11604"},"modified":"2024-12-19T09:15:28","modified_gmt":"2024-12-19T08:15:28","slug":"durante-el-2021-el-papa-francisco-desvela-un-fallido-doble-atentado-en-su-contra","status":"publish","type":"post","link":"https:\/\/entretormentas.com\/durante-el-2021-el-papa-francisco-desvela-un-fallido-doble-atentado-en-su-contra\/","title":{"rendered":"\u00a1DURANTE EL 2021! El papa Francisco desvela un fallido doble atentado en su contra"},"content":{"rendered":"\n<p><strong>ENTRE TORMENTAS.<\/strong> El papa Francisco revela en una autobiograf\u00eda, a\u00fan no publicada, que corri\u00f3 el riesgo de sufrir un doble atentado contra su vida durante su visita apost\u00f3lica a Irak en marzo de 2021.<\/p>\n\n\n\n<p>Seg\u00fan relata el pont\u00edfice, un grupo de terroristas isl\u00e1micos carg\u00f3 una furgoneta con explosivos para detonarlos durante su estancia en la ciudad de Mosul y tambi\u00e9n prepararon a una mujer suicida para inmolarse en su presencia, recogen medios italianos, rese\u00f1a la nota de RT.<\/p>\n\n\n\n<p>\u00abMe avisaron tan pronto como aterrizamos en Bagdad el d\u00eda anterior\u00bb, detalla el papa en su libro. \u00abLa Polic\u00eda hab\u00eda alertado a la Gendarmer\u00eda vaticana sobre una informaci\u00f3n recibida de los servicios secretos brit\u00e1nicos: una mujer cargada de explosivos, una joven terrorista suicida, se dirig\u00eda a Mosul para hacerse estallar durante la visita papal\u00bb. \u00abY una furgoneta tambi\u00e9n hab\u00eda salido a toda velocidad con la misma intenci\u00f3n\u00bb, a\u00f1ade el texto.<\/p>\n\n\n\n<p>Francisco atribuye ese intento de asesinarlo, que no se hizo realidad debido a los esfuerzos coordinados de las autoridades de varios pa\u00edses, al \u00abviento de odio\u00bb que segu\u00eda soplando en Irak despu\u00e9s de la derrota del Estado Isl\u00e1mico, en medio de la devastaci\u00f3n dejada por los combates y, por si fuera poco, en plena pandemia del coronavirus. Ese episodio le hizo sacar una moraleja sobre las relaciones interconfesionales: \u00abla m\u00e1s blasfema de las ofensas es profanar el nombre de Dios odiando al hermano\u00bb.<\/p>\n\n\n\n<p>Antes de su viaje a Irak, Francisco dijo a la poblaci\u00f3n iraqu\u00ed en un mensaje de video que iba \u00abcomo un peregrino de la paz\u00bb, tras \u00aba\u00f1os de guerra y terrorismo\u00bb, en busca de \u00abfraternidad\u00bb. La visita papal requiri\u00f3 de medidas reforzadas de seguridad y se desarroll\u00f3 en ausencia de multitudes, debido al confinamiento decretado en el pa\u00eds por la pandemia.<\/p>\n\n\n\n<p>El libro ver\u00e1 la luz en la editorial Mondadori a mediados de enero pr\u00f3ximo bajo el t\u00edtulo \u2018Esperanza\u2019 (\u2018Spera\u2019, en su versi\u00f3n original italiana). Medios italianos como Corriere della Sera y La Repubblica adelantaron varios fragmentos de la obra.<br><strong><em>ET \/ Agencias<\/em><\/strong><\/p>\n","protected":false},"excerpt":{"rendered":"<p>ENTRE TORMENTAS. El papa Francisco revela en una autobiograf\u00eda, a\u00fan no publicada, que corri\u00f3 el&#8230;<\/p>\n","protected":false},"author":2,"featured_media":11605,"comment_status":"closed","ping_status":"open","sticky":false,"template":"","format":"standard","meta":{"footnotes":""},"categories":[56,48],"tags":[],"class_list":["post-11604","post","type-post","status-publish","format-standard","has-post-thumbnail","hentry","category-destacadas","category-internacionales"],"_links":{"self":[{"href":"https:\/\/entretormentas.com\/index.php?rest_route=\/wp\/v2\/posts\/11604","targetHints":{"allow":["GET"]}}],"collection":[{"href":"https:\/\/entretormentas.com\/index.php?rest_route=\/wp\/v2\/posts"}],"about":[{"href":"https:\/\/entretormentas.com\/index.php?rest_route=\/wp\/v2\/types\/post"}],"author":[{"embeddable":true,"href":"https:\/\/entretormentas.com\/index.php?rest_route=\/wp\/v2\/users\/2"}],"replies":[{"embeddable":true,"href":"https:\/\/entretormentas.com\/index.php?rest_route=%2Fwp%2Fv2%2Fcomments&post=11604"}],"version-history":[{"count":1,"href":"https:\/\/entretormentas.com\/index.php?rest_route=\/wp\/v2\/posts\/11604\/revisions"}],"predecessor-version":[{"id":11606,"href":"https:\/\/entretormentas.com\/index.php?rest_route=\/wp\/v2\/posts\/11604\/revisions\/11606"}],"wp:featuredmedia":[{"embeddable":true,"href":"https:\/\/entretormentas.com\/index.php?rest_route=\/wp\/v2\/media\/11605"}],"wp:attachment":[{"href":"https:\/\/entretormentas.com\/index.php?rest_route=%2Fwp%2Fv2%2Fmedia&parent=11604"}],"wp:term":[{"taxonomy":"category","embeddable":true,"href":"https:\/\/entretormentas.com\/index.php?rest_route=%2Fwp%2Fv2%2Fcategories&post=11604"},{"taxonomy":"post_tag","embeddable":true,"href":"https:\/\/entretormentas.com\/index.php?rest_route=%2Fwp%2Fv2%2Ftags&post=11604"}],"curies":[{"name":"wp","href":"https:\/\/api.w.org\/{rel}","templated":true}]}}