{"id":11607,"date":"2024-12-19T09:18:21","date_gmt":"2024-12-19T08:18:21","guid":{"rendered":"https:\/\/entretormentas.com\/?p=11607"},"modified":"2024-12-19T09:18:21","modified_gmt":"2024-12-19T08:18:21","slug":"senado-espanol-exhortan-a-pedro-sanchez-que-reconozca-a-edmundo-gonzalez-como-presidente-venezolano","status":"publish","type":"post","link":"https:\/\/entretormentas.com\/senado-espanol-exhortan-a-pedro-sanchez-que-reconozca-a-edmundo-gonzalez-como-presidente-venezolano\/","title":{"rendered":"\u00a1SENADO ESPA\u00d1OL! Exhortan a Pedro S\u00e1nchez que reconozca a Edmundo Gonz\u00e1lez como \u00abpresidente venezolano\u00bb"},"content":{"rendered":"\n<p><strong>ENTRE TORMENTAS. <\/strong>El Senado espa\u00f1ol ha apoyado una moci\u00f3n del conservador Partido Popular para apremiar al Gobierno del socialista Pedro S\u00e1nchez a reconocer de manera \u00abinequ\u00edvoca\u00bb al l\u00edder opositor Edmundo Gonz\u00e1lez Urrutia como presidente de Venezuela, a menos de un mes para la asunci\u00f3n del jefe de Estado electo del pa\u00eds suramericano, prevista para el 10 de enero.<\/p>\n\n\n\n<p>La iniciativa ha sido aprobada con el respaldo del ultraderechista Vox, los nacionalistas vascos y los independentistas catalanes.<\/p>\n\n\n\n<p>Gonz\u00e1lez Urrutia, exiliado en Madrid tras competir por la Presidencia venezolana y denunciar fraude electoral en los comicios del pasado julio, ha manifestado p\u00fablicamente su voluntad de regresar a Venezuela para asumir como presidente a\u00fan a riesgo de ser detenido.<\/p>\n\n\n\n<p>El dirigente opositor, que esta semana recogi\u00f3 el premio S\u00e1jarov que concede el Parlamento Europeo, ha sido reconocido como presidente leg\u00edtimo de Venezuela por el Congreso y el Senado espa\u00f1oles, el PE y algunos gobiernos, pero no por el Ejecutivo espa\u00f1ol ni tampoco el de la Uni\u00f3n Europea.<\/p>\n\n\n\n<figure class=\"wp-block-image size-full\"><img fetchpriority=\"high\" decoding=\"async\" width=\"680\" height=\"379\" src=\"https:\/\/entretormentas.com\/wp-content\/uploads\/2024\/12\/image-434.png\" alt=\"\" class=\"wp-image-11609\" srcset=\"https:\/\/entretormentas.com\/wp-content\/uploads\/2024\/12\/image-434.png 680w, https:\/\/entretormentas.com\/wp-content\/uploads\/2024\/12\/image-434-300x167.png 300w\" sizes=\"(max-width: 680px) 100vw, 680px\" \/><\/figure>\n\n\n\n<p>No obstante, una treintena de naciones, entre ellas Espa\u00f1a, firmaron en septiembre una declaraci\u00f3n conjunta para lograr una transici\u00f3n democr\u00e1tica en Venezuela y en la que se dejaba constancia que, con la documentaci\u00f3n \u00abdisponible\u00bb, el candidato de la oposici\u00f3n hab\u00eda ganado las presidenciales.<\/p>\n\n\n\n<p>La moci\u00f3n aprobada este mi\u00e9rcoles plantea dise\u00f1ar una respuesta para implicar a las instituciones europeas en recuperar en Venezuela \u00abel modelo democr\u00e1tico\u00bb y exigir la liberaci\u00f3n de los presos pol\u00edticos.<\/p>\n\n\n\n<p>El texto no incluye una propuesta para que el Gobierno solicite una orden de arresto de Maduro, como aprob\u00f3 el Congreso hace unos d\u00edas.<\/p>\n\n\n\n<p>La oposici\u00f3n venezolana ha mostrado actas que confirmar\u00edan una contundente victoria de Gonz\u00e1lez Urrutia sobre Nicol\u00e1s Maduro, a quien las autoridades electorales venezolanas dieron como ganador de los comicios sin presentar pruebas que lo acrediten fehacientemente.<\/p>\n\n\n\n<p>En una reciente entrevista con EFE Gonz\u00e1lez Urrutia insisti\u00f3 en su intenci\u00f3n de regresar a Venezuela \u00aba partir del 10 de enero\u00bb pese a admitir un posible riesgo de detenci\u00f3n.<\/p>\n\n\n\n<p>\u00abCon temor no se va a la guerra. Yo no voy a una guerra, pero s\u00ed voy a la recuperaci\u00f3n de la democracia venezolana y voy con mucho esfuerzo y con mucha voluntad para recomponer la legalidad democr\u00e1tica en Venezuela\u00bb, dijo Gonz\u00e1lez a EFE antes de recoger el S\u00e1jarov a la libertad de conciencia en la sede del Parlamento Europeo en Estrasburgo (Francia).<br><strong><em>ET \/ EFE<\/em><\/strong><\/p>\n","protected":false},"excerpt":{"rendered":"<p>ENTRE TORMENTAS. El Senado espa\u00f1ol ha apoyado una moci\u00f3n del conservador Partido Popular para apremiar&#8230;<\/p>\n","protected":false},"author":2,"featured_media":11608,"comment_status":"closed","ping_status":"open","sticky":false,"template":"","format":"standard","meta":{"footnotes":""},"categories":[56,48],"tags":[],"class_list":["post-11607","post","type-post","status-publish","format-standard","has-post-thumbnail","hentry","category-destacadas","category-internacionales"],"_links":{"self":[{"href":"https:\/\/entretormentas.com\/index.php?rest_route=\/wp\/v2\/posts\/11607","targetHints":{"allow":["GET"]}}],"collection":[{"href":"https:\/\/entretormentas.com\/index.php?rest_route=\/wp\/v2\/posts"}],"about":[{"href":"https:\/\/entretormentas.com\/index.php?rest_route=\/wp\/v2\/types\/post"}],"author":[{"embeddable":true,"href":"https:\/\/entretormentas.com\/index.php?rest_route=\/wp\/v2\/users\/2"}],"replies":[{"embeddable":true,"href":"https:\/\/entretormentas.com\/index.php?rest_route=%2Fwp%2Fv2%2Fcomments&post=11607"}],"version-history":[{"count":1,"href":"https:\/\/entretormentas.com\/index.php?rest_route=\/wp\/v2\/posts\/11607\/revisions"}],"predecessor-version":[{"id":11610,"href":"https:\/\/entretormentas.com\/index.php?rest_route=\/wp\/v2\/posts\/11607\/revisions\/11610"}],"wp:featuredmedia":[{"embeddable":true,"href":"https:\/\/entretormentas.com\/index.php?rest_route=\/wp\/v2\/media\/11608"}],"wp:attachment":[{"href":"https:\/\/entretormentas.com\/index.php?rest_route=%2Fwp%2Fv2%2Fmedia&parent=11607"}],"wp:term":[{"taxonomy":"category","embeddable":true,"href":"https:\/\/entretormentas.com\/index.php?rest_route=%2Fwp%2Fv2%2Fcategories&post=11607"},{"taxonomy":"post_tag","embeddable":true,"href":"https:\/\/entretormentas.com\/index.php?rest_route=%2Fwp%2Fv2%2Ftags&post=11607"}],"curies":[{"name":"wp","href":"https:\/\/api.w.org\/{rel}","templated":true}]}}