{"id":11630,"date":"2024-12-20T08:28:34","date_gmt":"2024-12-20T07:28:34","guid":{"rendered":"https:\/\/entretormentas.com\/?p=11630"},"modified":"2024-12-20T08:28:34","modified_gmt":"2024-12-20T07:28:34","slug":"a-traves-de-fundanis-y-luz-imparten-curso-de-panaderia-a-mas-de-20-ninos-ninas-y-adolescentes","status":"publish","type":"post","link":"https:\/\/entretormentas.com\/a-traves-de-fundanis-y-luz-imparten-curso-de-panaderia-a-mas-de-20-ninos-ninas-y-adolescentes\/","title":{"rendered":"\u00a1A TRAV\u00c9S DE FUNDANIS Y LUZ! Imparten curso de panader\u00eda a m\u00e1s de 20 ni\u00f1os, ni\u00f1as y adolescentes"},"content":{"rendered":"\n<p><strong>ENTRE TORMENTAS. <\/strong>En un esfuerzo conjunto por promover habilidades pr\u00e1cticas y nutricionales entre los j\u00f3venes, la Fundaci\u00f3n Ni\u00f1os del Sol en alianza con la escuela de Nutrici\u00f3n de la Universidad del Zulia, realizaron un exitoso curso de panader\u00eda dirigido a ni\u00f1os, ni\u00f1as y adolescentes beneficiarios del programa.<\/p>\n\n\n\n<p>El curso, que se imparti\u00f3 en el comedor de la fundaci\u00f3n, tuvo como objetivo principal ense\u00f1ar a los participantes las t\u00e9cnicas b\u00e1sicas de panader\u00eda, as\u00ed como la importancia de una alimentaci\u00f3n balanceada. Los j\u00f3venes aprendieron a preparar la masa, el proceso de amasado y t\u00e9cnicas para lograr los mejores resultados.<\/p>\n\n\n\n<p>La iniciativa no solo busc\u00f3 fomentar el inter\u00e9s por la cocina y la panader\u00eda, sino tambi\u00e9n proporcionar a las participantes herramientas que puedan utilizar en su vida diaria y futura.<\/p>\n\n\n\n<figure class=\"wp-block-image size-large\"><img fetchpriority=\"high\" decoding=\"async\" width=\"1024\" height=\"682\" src=\"https:\/\/entretormentas.com\/wp-content\/uploads\/2024\/12\/image-446-1024x682.png\" alt=\"\" class=\"wp-image-11631\" srcset=\"https:\/\/entretormentas.com\/wp-content\/uploads\/2024\/12\/image-446-1024x682.png 1024w, https:\/\/entretormentas.com\/wp-content\/uploads\/2024\/12\/image-446-300x200.png 300w, https:\/\/entretormentas.com\/wp-content\/uploads\/2024\/12\/image-446-768x512.png 768w, https:\/\/entretormentas.com\/wp-content\/uploads\/2024\/12\/image-446-1536x1023.png 1536w, https:\/\/entretormentas.com\/wp-content\/uploads\/2024\/12\/image-446.png 1600w\" sizes=\"(max-width: 1024px) 100vw, 1024px\" \/><\/figure>\n\n\n\n<p>\u201cEstamos muy contentos de poder ofrecer esta experiencia. La panader\u00eda es una habilidad valiosa que puede abrir muchas puertas, tanto en el \u00e1mbito personal como profesional\u201d, coment\u00f3 el coordinador de la Promoci\u00f3n Educativa de FUNDANIS, Gumercindo Monzant.<\/p>\n\n\n\n<p>Por su parte, la escuela de Nutrici\u00f3n de la Universidad del Zulia se hizo presente con los estudiantes Samuel Olivares y Antonella Pi\u00f1a, quienes fungieron de instructores.<\/p>\n\n\n\n<p>\u201cEs fundamental que los ni\u00f1os y adolescentes comprendan la relaci\u00f3n entre la alimentaci\u00f3n y la salud. A trav\u00e9s de este curso, no solo aprendieron a hacer pan, sino tambi\u00e9n a valorar los ingredientes y a tomar decisiones alimentarias m\u00e1s informadas\u201d, se\u00f1al\u00f3 uno de los instructores.<\/p>\n\n\n\n<p>La Fundaci\u00f3n Ni\u00f1os del Sol y la Universidad del Zulia reiteran su compromiso con el desarrollo y bienestar de los j\u00f3venes, y continuar\u00e1n trabajando juntos para ofrecer m\u00e1s programas y actividades que enriquezcan sus vidas y les brinden nuevas oportunidades.<br><strong><em>ET \/ DCI Alcald\u00eda de Maracaibo<\/em><\/strong><\/p>\n","protected":false},"excerpt":{"rendered":"<p>ENTRE TORMENTAS. En un esfuerzo conjunto por promover habilidades pr\u00e1cticas y nutricionales entre los j\u00f3venes,&#8230;<\/p>\n","protected":false},"author":2,"featured_media":11632,"comment_status":"closed","ping_status":"open","sticky":false,"template":"","format":"standard","meta":{"footnotes":""},"categories":[1],"tags":[],"class_list":["post-11630","post","type-post","status-publish","format-standard","has-post-thumbnail","hentry","category-regionales"],"_links":{"self":[{"href":"https:\/\/entretormentas.com\/index.php?rest_route=\/wp\/v2\/posts\/11630","targetHints":{"allow":["GET"]}}],"collection":[{"href":"https:\/\/entretormentas.com\/index.php?rest_route=\/wp\/v2\/posts"}],"about":[{"href":"https:\/\/entretormentas.com\/index.php?rest_route=\/wp\/v2\/types\/post"}],"author":[{"embeddable":true,"href":"https:\/\/entretormentas.com\/index.php?rest_route=\/wp\/v2\/users\/2"}],"replies":[{"embeddable":true,"href":"https:\/\/entretormentas.com\/index.php?rest_route=%2Fwp%2Fv2%2Fcomments&post=11630"}],"version-history":[{"count":1,"href":"https:\/\/entretormentas.com\/index.php?rest_route=\/wp\/v2\/posts\/11630\/revisions"}],"predecessor-version":[{"id":11633,"href":"https:\/\/entretormentas.com\/index.php?rest_route=\/wp\/v2\/posts\/11630\/revisions\/11633"}],"wp:featuredmedia":[{"embeddable":true,"href":"https:\/\/entretormentas.com\/index.php?rest_route=\/wp\/v2\/media\/11632"}],"wp:attachment":[{"href":"https:\/\/entretormentas.com\/index.php?rest_route=%2Fwp%2Fv2%2Fmedia&parent=11630"}],"wp:term":[{"taxonomy":"category","embeddable":true,"href":"https:\/\/entretormentas.com\/index.php?rest_route=%2Fwp%2Fv2%2Fcategories&post=11630"},{"taxonomy":"post_tag","embeddable":true,"href":"https:\/\/entretormentas.com\/index.php?rest_route=%2Fwp%2Fv2%2Ftags&post=11630"}],"curies":[{"name":"wp","href":"https:\/\/api.w.org\/{rel}","templated":true}]}}