{"id":11634,"date":"2024-12-20T08:31:28","date_gmt":"2024-12-20T07:31:28","guid":{"rendered":"https:\/\/entretormentas.com\/?p=11634"},"modified":"2024-12-20T08:31:28","modified_gmt":"2024-12-20T07:31:28","slug":"alcaldia-de-maracaibo-arranca-asfaltado-de-1-2-kilometros-en-la-via-principal-de-lago-azul","status":"publish","type":"post","link":"https:\/\/entretormentas.com\/alcaldia-de-maracaibo-arranca-asfaltado-de-1-2-kilometros-en-la-via-principal-de-lago-azul\/","title":{"rendered":"\u00a1ALCALD\u00cdA DE MARACAIBO! Arranca asfaltado de 1.2 kil\u00f3metros en la v\u00eda principal de Lago Azul"},"content":{"rendered":"\n<p><strong>ENTRE TORMENTAS. <\/strong>En un importante avance para mejorar la calidad de vida de los vecinos de Lago Azul, parroquia Manuel Dagnino, la Alcald\u00eda de Maracaibo a trav\u00e9s de la Direcci\u00f3n de Infraestructura arranc\u00f3 los trabajos de asfaltado de 1.2 kil\u00f3metros de v\u00eda en su avenida principal, un proyecto a realizarse en tres fases.<\/p>\n\n\n\n<p>En esta obra se aplicar\u00e1n mil 423, toneladas de asfalto caliente y se limpiar\u00e1n las adyacencias por parte del Instituto Municipal del Ambiente (IMA). Esta obra, que beneficiar\u00e1 a 52 mil habitantes de la zona y transe\u00fantes, representa un paso significativo en la transformaci\u00f3n de la ciudad y demuestra el compromiso de la municipalidad con el desarrollo de todas las comunidades.<\/p>\n\n\n\n<figure class=\"wp-block-image size-large\"><img fetchpriority=\"high\" decoding=\"async\" width=\"683\" height=\"1024\" src=\"https:\/\/entretormentas.com\/wp-content\/uploads\/2024\/12\/image-449-683x1024.png\" alt=\"\" class=\"wp-image-11636\" srcset=\"https:\/\/entretormentas.com\/wp-content\/uploads\/2024\/12\/image-449-683x1024.png 683w, https:\/\/entretormentas.com\/wp-content\/uploads\/2024\/12\/image-449-200x300.png 200w, https:\/\/entretormentas.com\/wp-content\/uploads\/2024\/12\/image-449-768x1151.png 768w, https:\/\/entretormentas.com\/wp-content\/uploads\/2024\/12\/image-449.png 854w\" sizes=\"(max-width: 683px) 100vw, 683px\" \/><\/figure>\n\n\n\n<p>Adri\u00e1n Romero Mart\u00ednez, alcalde encargado, explic\u00f3 que en el inicio de los trabajos se colocar\u00e1n 550 toneladas de asfalto, arrancando por el sector El Calvario, para brindarle una mejor calidad de vida a los marabinos de la zona y los que transitan a diario esta v\u00eda principal que se comunica con la calle 100 de Sabaneta. \u201cEstamos comprometidos con brindar a los marabinos espacios p\u00fablicos de calidad y garantizar su bienestar\u201d.<\/p>\n\n\n\n<p>Detall\u00f3, adem\u00e1s, que por esta avenida principal de Lago Azul transitan los buses de Micro 9 y los carritos por puesto de Lago Azul, quienes ahora podr\u00e1n pasar por una vialidad con mejor tr\u00e1nsito. \u201cYa las rutas de transporte podr\u00e1n pasar sin ning\u00fan inconveniente y no acabar\u00e1n el tren delantero de sus carros que por el mal estado que ten\u00eda la vialidad\u201d.<\/p>\n\n\n\n<p>Carmen Fuenmayor, vecina de la zona de 66 a\u00f1os, detall\u00f3 que ten\u00edan m\u00e1s de 20 a\u00f1os que no se asfaltaba la zona. \u201cTodo se hab\u00eda quedado en proyectos y nunca se hab\u00eda concretado nada. Gracias a Dios hoy nos lleg\u00f3 la Alcald\u00eda de Maracaibo a brindarnos esta soluci\u00f3n y que no solo ser\u00e1 un pedacito, si no que llegar\u00e1n hasta Mi Post\u00edn, y culminar\u00e1 aqu\u00ed en la calle 100\u201d.<br><strong><em>ET \/ DCI Alcald\u00eda de Maracaibo<\/em><\/strong><\/p>\n","protected":false},"excerpt":{"rendered":"<p>ENTRE TORMENTAS. En un importante avance para mejorar la calidad de vida de los vecinos&#8230;<\/p>\n","protected":false},"author":2,"featured_media":11635,"comment_status":"closed","ping_status":"open","sticky":false,"template":"","format":"standard","meta":{"footnotes":""},"categories":[1],"tags":[],"class_list":["post-11634","post","type-post","status-publish","format-standard","has-post-thumbnail","hentry","category-regionales"],"_links":{"self":[{"href":"https:\/\/entretormentas.com\/index.php?rest_route=\/wp\/v2\/posts\/11634","targetHints":{"allow":["GET"]}}],"collection":[{"href":"https:\/\/entretormentas.com\/index.php?rest_route=\/wp\/v2\/posts"}],"about":[{"href":"https:\/\/entretormentas.com\/index.php?rest_route=\/wp\/v2\/types\/post"}],"author":[{"embeddable":true,"href":"https:\/\/entretormentas.com\/index.php?rest_route=\/wp\/v2\/users\/2"}],"replies":[{"embeddable":true,"href":"https:\/\/entretormentas.com\/index.php?rest_route=%2Fwp%2Fv2%2Fcomments&post=11634"}],"version-history":[{"count":1,"href":"https:\/\/entretormentas.com\/index.php?rest_route=\/wp\/v2\/posts\/11634\/revisions"}],"predecessor-version":[{"id":11637,"href":"https:\/\/entretormentas.com\/index.php?rest_route=\/wp\/v2\/posts\/11634\/revisions\/11637"}],"wp:featuredmedia":[{"embeddable":true,"href":"https:\/\/entretormentas.com\/index.php?rest_route=\/wp\/v2\/media\/11635"}],"wp:attachment":[{"href":"https:\/\/entretormentas.com\/index.php?rest_route=%2Fwp%2Fv2%2Fmedia&parent=11634"}],"wp:term":[{"taxonomy":"category","embeddable":true,"href":"https:\/\/entretormentas.com\/index.php?rest_route=%2Fwp%2Fv2%2Fcategories&post=11634"},{"taxonomy":"post_tag","embeddable":true,"href":"https:\/\/entretormentas.com\/index.php?rest_route=%2Fwp%2Fv2%2Ftags&post=11634"}],"curies":[{"name":"wp","href":"https:\/\/api.w.org\/{rel}","templated":true}]}}