{"id":11638,"date":"2024-12-20T08:35:23","date_gmt":"2024-12-20T07:35:23","guid":{"rendered":"https:\/\/entretormentas.com\/?p=11638"},"modified":"2024-12-20T08:35:23","modified_gmt":"2024-12-20T07:35:23","slug":"en-san-francisco-unidad-de-atencion-para-las-personas-con-discapacidad-atendio-mil-500-casos-en-el-2024","status":"publish","type":"post","link":"https:\/\/entretormentas.com\/en-san-francisco-unidad-de-atencion-para-las-personas-con-discapacidad-atendio-mil-500-casos-en-el-2024\/","title":{"rendered":"\u00a1EN SAN FRANCISCO! Unidad de Atenci\u00f3n para las Personas con Discapacidad atendi\u00f3 mil 500 casos en el 2024"},"content":{"rendered":"\n<p><strong>ENTRE TORMENTAS. <\/strong>Brindando espacios para la inclusi\u00f3n de todos los ciudadanos del municipio, la gesti\u00f3n del alcalde Gustavo Fern\u00e1ndez cuenta con una Unidad de Atenci\u00f3n para Personas con Discapacidad (UAPD), encargada de atender a las personas con necesidades especiales, enfoc\u00e1ndose en la salud, educaci\u00f3n e inclusi\u00f3n laboral de estas.<\/p>\n\n\n\n<p>Esta instituci\u00f3n ofrece a los ciudadanos con discapacidad un apoyo social, moral, psicol\u00f3gico y legal para garantizar su correcto desarrollo en la sociedad. Cuenta con personal calificado que se encarga de fortalecer e incrementar los valores educativos, culturales y deportivos.<\/p>\n\n\n\n<figure class=\"wp-block-image size-large\"><img fetchpriority=\"high\" decoding=\"async\" width=\"1024\" height=\"683\" src=\"https:\/\/entretormentas.com\/wp-content\/uploads\/2024\/12\/image-450-1024x683.png\" alt=\"\" class=\"wp-image-11639\" srcset=\"https:\/\/entretormentas.com\/wp-content\/uploads\/2024\/12\/image-450-1024x683.png 1024w, https:\/\/entretormentas.com\/wp-content\/uploads\/2024\/12\/image-450-300x200.png 300w, https:\/\/entretormentas.com\/wp-content\/uploads\/2024\/12\/image-450-768x512.png 768w, https:\/\/entretormentas.com\/wp-content\/uploads\/2024\/12\/image-450.png 1080w\" sizes=\"(max-width: 1024px) 100vw, 1024px\" \/><\/figure>\n\n\n\n<p>Omar Loaiza, coordinador municipal de la UAPD, afirm\u00f3 que aproximadamente mil 500 casos han sido atendidos por este \u00f3rgano durante el a\u00f1o 2024, en sus diferentes acciones tales como: talleres, solicitudes, visitas, asesor\u00edas, calificaci\u00f3n, ayudas t\u00e9cnicas y consultas m\u00e9dicas.<\/p>\n\n\n\n<p>Esto ha significado un avance durante la gesti\u00f3n del alcalde Gustavo Fern\u00e1ndez M\u00e9ndez, ya que el trabajo ha reforzado la educaci\u00f3n en las escuelas en materia de discapacidad. Esto ha significado un fortalecimiento de los derechos, extendi\u00e9ndose a la atenci\u00f3n que ofrecen los organismos p\u00fablicos en la convivencia con los ciudadanos con necesidades especiales.<\/p>\n\n\n\n<p>Los usuarios expresan su conformidad con todo el apoyo que presta este \u00f3rgano de atenci\u00f3n. Como es el caso de la se\u00f1ora Francisca Salazar, quien fue diagnosticada con discapacidad f\u00edsica motora y coment\u00f3: \u201cEsta unidad es mi familia, la atenci\u00f3n de ellos es excelente; son muy amigables y atentos. Ellos me ayudaron a beneficiarme con un bast\u00f3n. El equipo, como los m\u00e9dicos, est\u00e1n siempre pendientes de m\u00ed\u201d.<\/p>\n\n\n\n<p><strong>CARNET DE DISCAPACIDAD<\/strong><br>Este \u00f3rgano adscrito a la Alcald\u00eda de San Francisco tiene entre sus funciones ser el puente entre el Consejo Nacional para Personas con Discapacidad (Conapdis) para calificar a las personas con una necesidad especial y poder adquirir el carnet que lo certifique.<\/p>\n\n\n\n<p>\u201cNosotros somos el primer puente para la calificaci\u00f3n de la discapacidad del paciente, ya que este es sometido a un estudio m\u00e9dico realizado por el Instituto P\u00fablico Municipal de Salud (Imsasur), quien realiza un informe para Conapdis\u201d, expres\u00f3 Omar Loaiza, coordinador municipal de la UAPD.<\/p>\n\n\n\n<figure class=\"wp-block-image size-large\"><img decoding=\"async\" width=\"1024\" height=\"683\" src=\"https:\/\/entretormentas.com\/wp-content\/uploads\/2024\/12\/image-452-1024x683.png\" alt=\"\" class=\"wp-image-11641\" srcset=\"https:\/\/entretormentas.com\/wp-content\/uploads\/2024\/12\/image-452-1024x683.png 1024w, https:\/\/entretormentas.com\/wp-content\/uploads\/2024\/12\/image-452-300x200.png 300w, https:\/\/entretormentas.com\/wp-content\/uploads\/2024\/12\/image-452-768x512.png 768w, https:\/\/entretormentas.com\/wp-content\/uploads\/2024\/12\/image-452.png 1080w\" sizes=\"(max-width: 1024px) 100vw, 1024px\" \/><\/figure>\n\n\n\n<p><strong>Dentro de los requisitos para realizar el proceso se encuentran:<\/strong><\/p>\n\n\n\n<ul class=\"wp-block-list\">\n<li>Informe m\u00e9dico actualizado no mayor a seis meses, que solo debe indicar el diagn\u00f3stico por discapacidad.<\/li>\n\n\n\n<li>2 copias de c\u00e9dula de identidad.<\/li>\n\n\n\n<li>2 n\u00fameros de contacto.<\/li>\n\n\n\n<li>Documento que indique el grupo sangu\u00edneo.<\/li>\n\n\n\n<li>Direcci\u00f3n completa.<\/li>\n\n\n\n<li>Peso y talla.<\/li>\n\n\n\n<li>2 correos electr\u00f3nicos.<\/li>\n<\/ul>\n\n\n\n<p>Si el paciente es menor de nueve a\u00f1os, se debe consignar: partida de nacimiento legible y copia de c\u00e9dula de identidad del representante.<br><strong><em>ET \/ Alcald\u00eda de San Francisco<\/em><\/strong><\/p>\n\n\n\n<p><\/p>\n","protected":false},"excerpt":{"rendered":"<p>ENTRE TORMENTAS. Brindando espacios para la inclusi\u00f3n de todos los ciudadanos del municipio, la gesti\u00f3n&#8230;<\/p>\n","protected":false},"author":2,"featured_media":11640,"comment_status":"closed","ping_status":"open","sticky":false,"template":"","format":"standard","meta":{"footnotes":""},"categories":[1],"tags":[],"class_list":["post-11638","post","type-post","status-publish","format-standard","has-post-thumbnail","hentry","category-regionales"],"_links":{"self":[{"href":"https:\/\/entretormentas.com\/index.php?rest_route=\/wp\/v2\/posts\/11638","targetHints":{"allow":["GET"]}}],"collection":[{"href":"https:\/\/entretormentas.com\/index.php?rest_route=\/wp\/v2\/posts"}],"about":[{"href":"https:\/\/entretormentas.com\/index.php?rest_route=\/wp\/v2\/types\/post"}],"author":[{"embeddable":true,"href":"https:\/\/entretormentas.com\/index.php?rest_route=\/wp\/v2\/users\/2"}],"replies":[{"embeddable":true,"href":"https:\/\/entretormentas.com\/index.php?rest_route=%2Fwp%2Fv2%2Fcomments&post=11638"}],"version-history":[{"count":1,"href":"https:\/\/entretormentas.com\/index.php?rest_route=\/wp\/v2\/posts\/11638\/revisions"}],"predecessor-version":[{"id":11642,"href":"https:\/\/entretormentas.com\/index.php?rest_route=\/wp\/v2\/posts\/11638\/revisions\/11642"}],"wp:featuredmedia":[{"embeddable":true,"href":"https:\/\/entretormentas.com\/index.php?rest_route=\/wp\/v2\/media\/11640"}],"wp:attachment":[{"href":"https:\/\/entretormentas.com\/index.php?rest_route=%2Fwp%2Fv2%2Fmedia&parent=11638"}],"wp:term":[{"taxonomy":"category","embeddable":true,"href":"https:\/\/entretormentas.com\/index.php?rest_route=%2Fwp%2Fv2%2Fcategories&post=11638"},{"taxonomy":"post_tag","embeddable":true,"href":"https:\/\/entretormentas.com\/index.php?rest_route=%2Fwp%2Fv2%2Ftags&post=11638"}],"curies":[{"name":"wp","href":"https:\/\/api.w.org\/{rel}","templated":true}]}}