{"id":11656,"date":"2024-12-20T08:49:55","date_gmt":"2024-12-20T07:49:55","guid":{"rendered":"https:\/\/entretormentas.com\/?p=11656"},"modified":"2024-12-20T08:49:55","modified_gmt":"2024-12-20T07:49:55","slug":"lo-volvieron-a-hacer-yukpas-toman-el-palacio-de-justicia-para-exigir-libertad-de-detenidos","status":"publish","type":"post","link":"https:\/\/entretormentas.com\/lo-volvieron-a-hacer-yukpas-toman-el-palacio-de-justicia-para-exigir-libertad-de-detenidos\/","title":{"rendered":"\u00a1LO VOLVIERON A HACER! Yukpas toman el Palacio de Justicia para exigir libertad de detenidos"},"content":{"rendered":"\n<p><strong>ENTRE TORMENTAS. <\/strong>Integrantes de la etnia yukpa tomaron el Palacio de Justicia de la ciudad de Maracaibo, la tarde de este jueves. Se apostaron para impedir que nadie saliera ni entrara al lugar. Los manifestantes exigieron la liberaci\u00f3n de unos detenidos de su misma etnia.<\/p>\n\n\n\n<p>Ninguna autoridad se hab\u00eda pronunciado sobre la situaci\u00f3n que afect\u00f3 la normalidad en las instalaciones del Palacio de Justicia.<\/p>\n\n\n\n<figure class=\"wp-block-image size-full\"><img fetchpriority=\"high\" decoding=\"async\" width=\"677\" height=\"385\" src=\"https:\/\/entretormentas.com\/wp-content\/uploads\/2024\/12\/image-460.png\" alt=\"\" class=\"wp-image-11657\" srcset=\"https:\/\/entretormentas.com\/wp-content\/uploads\/2024\/12\/image-460.png 677w, https:\/\/entretormentas.com\/wp-content\/uploads\/2024\/12\/image-460-300x171.png 300w\" sizes=\"(max-width: 677px) 100vw, 677px\" \/><\/figure>\n\n\n\n<p>\u00abLos yukpas no nos dejan salir, tienen tomado todo el tribunal porque nos van a romper los vidrios de los carros\u00bb, coment\u00f3 una trabajadora del organismo a comunicadores de Es Con Usted.<\/p>\n\n\n\n<p>Cerca de una hora estuvo paralizado el ingreso y salida de los tribunales, debido a esta protesta de los ind\u00edgenas de ka etnia Yukpa.<\/p>\n\n\n\n<p>Ante esta situaci\u00f3n y luego de mediar con los yukpas, un contingente de la Polic\u00eda Nacional Bolivariana (PNB) logr\u00f3 tomar el control de las instalaciones, sin ofrecer mayores detalles.<br><strong><em>ET \/ Es Con Usted<\/em><\/strong><\/p>\n","protected":false},"excerpt":{"rendered":"<p>ENTRE TORMENTAS. Integrantes de la etnia yukpa tomaron el Palacio de Justicia de la ciudad&#8230;<\/p>\n","protected":false},"author":2,"featured_media":11658,"comment_status":"closed","ping_status":"open","sticky":false,"template":"","format":"standard","meta":{"footnotes":""},"categories":[57,1],"tags":[],"class_list":["post-11656","post","type-post","status-publish","format-standard","has-post-thumbnail","hentry","category-actualidad","category-regionales"],"_links":{"self":[{"href":"https:\/\/entretormentas.com\/index.php?rest_route=\/wp\/v2\/posts\/11656","targetHints":{"allow":["GET"]}}],"collection":[{"href":"https:\/\/entretormentas.com\/index.php?rest_route=\/wp\/v2\/posts"}],"about":[{"href":"https:\/\/entretormentas.com\/index.php?rest_route=\/wp\/v2\/types\/post"}],"author":[{"embeddable":true,"href":"https:\/\/entretormentas.com\/index.php?rest_route=\/wp\/v2\/users\/2"}],"replies":[{"embeddable":true,"href":"https:\/\/entretormentas.com\/index.php?rest_route=%2Fwp%2Fv2%2Fcomments&post=11656"}],"version-history":[{"count":1,"href":"https:\/\/entretormentas.com\/index.php?rest_route=\/wp\/v2\/posts\/11656\/revisions"}],"predecessor-version":[{"id":11659,"href":"https:\/\/entretormentas.com\/index.php?rest_route=\/wp\/v2\/posts\/11656\/revisions\/11659"}],"wp:featuredmedia":[{"embeddable":true,"href":"https:\/\/entretormentas.com\/index.php?rest_route=\/wp\/v2\/media\/11658"}],"wp:attachment":[{"href":"https:\/\/entretormentas.com\/index.php?rest_route=%2Fwp%2Fv2%2Fmedia&parent=11656"}],"wp:term":[{"taxonomy":"category","embeddable":true,"href":"https:\/\/entretormentas.com\/index.php?rest_route=%2Fwp%2Fv2%2Fcategories&post=11656"},{"taxonomy":"post_tag","embeddable":true,"href":"https:\/\/entretormentas.com\/index.php?rest_route=%2Fwp%2Fv2%2Ftags&post=11656"}],"curies":[{"name":"wp","href":"https:\/\/api.w.org\/{rel}","templated":true}]}}