{"id":11661,"date":"2024-12-20T08:52:50","date_gmt":"2024-12-20T07:52:50","guid":{"rendered":"https:\/\/entretormentas.com\/?p=11661"},"modified":"2024-12-20T08:52:50","modified_gmt":"2024-12-20T07:52:50","slug":"varios-venezolanos-armada-colombiana-rescata-a-44-migrantes-que-navegaban-hacia-centroamerica","status":"publish","type":"post","link":"https:\/\/entretormentas.com\/varios-venezolanos-armada-colombiana-rescata-a-44-migrantes-que-navegaban-hacia-centroamerica\/","title":{"rendered":"\u00a1VARIOS VENEZOLANOS! Armada colombiana rescata a 44 migrantes que navegaban hacia Centroam\u00e9rica"},"content":{"rendered":"\n<p><strong>ENTRE TORMENTAS. <\/strong>La Armada de Colombia rescat\u00f3 a 44 migrantes que navegaban con destino a Centroam\u00e9rica en aguas del municipio de Acand\u00ed, en el departamento del Choc\u00f3 (oeste), informaron las autoridades este mi\u00e9rcoles.<\/p>\n\n\n\n<p>\u00abLos hechos se presentaron cuando tripulantes de la Instituci\u00f3n Naval detectaron una motonave navegando a alta velocidad y de manera sospechosa en la zona, por lo que, de forma inmediata, desplegaron una Unidad de Reacci\u00f3n R\u00e1pida (URR), de la Estaci\u00f3n de Guardacostas de Urab\u00e1, que en pocos minutos realiz\u00f3 la interdicci\u00f3n a dicha embarcaci\u00f3n\u00bb, explic\u00f3 la Armada, rese\u00f1\u00f3 EFE.<\/p>\n\n\n\n<p><strong>MIGRANTES VENEZOLANOS<\/strong><br>La embarcaci\u00f3n result\u00f3 interceptada a aproximadamente cinco kil\u00f3metros de Cabo Tibur\u00f3n, ubicado en el municipio de Acand\u00ed, en el Choc\u00f3.<\/p>\n\n\n\n<p>De los 44 migrantes hab\u00eda 10 menores de edad, as\u00ed como una mujer embarazada, y proced\u00edan de Afganist\u00e1n, Ecuador, El Congo, Eritrea, Ghana, India, Palestina, Per\u00fa, Somalia, Togo, Venezuela y Yemen.<\/p>\n\n\n\n<p>Tambi\u00e9n, hallaron a dos colombianos que ser\u00edan los tripulantes de la embarcaci\u00f3n, por lo que deber\u00e1n responder por un presunto delito de tr\u00e1fico de migrantes.<\/p>\n\n\n\n<p>En lo corrido del a\u00f1o 2024 las autoridades colombianas han rescatado a 153 migrantes en el Caribe colombiano.<br><strong><em>ET \/ EFE<\/em><\/strong><\/p>\n","protected":false},"excerpt":{"rendered":"<p>ENTRE TORMENTAS. La Armada de Colombia rescat\u00f3 a 44 migrantes que navegaban con destino a&#8230;<\/p>\n","protected":false},"author":2,"featured_media":11662,"comment_status":"closed","ping_status":"open","sticky":false,"template":"","format":"standard","meta":{"footnotes":""},"categories":[56,48],"tags":[],"class_list":["post-11661","post","type-post","status-publish","format-standard","has-post-thumbnail","hentry","category-destacadas","category-internacionales"],"_links":{"self":[{"href":"https:\/\/entretormentas.com\/index.php?rest_route=\/wp\/v2\/posts\/11661","targetHints":{"allow":["GET"]}}],"collection":[{"href":"https:\/\/entretormentas.com\/index.php?rest_route=\/wp\/v2\/posts"}],"about":[{"href":"https:\/\/entretormentas.com\/index.php?rest_route=\/wp\/v2\/types\/post"}],"author":[{"embeddable":true,"href":"https:\/\/entretormentas.com\/index.php?rest_route=\/wp\/v2\/users\/2"}],"replies":[{"embeddable":true,"href":"https:\/\/entretormentas.com\/index.php?rest_route=%2Fwp%2Fv2%2Fcomments&post=11661"}],"version-history":[{"count":1,"href":"https:\/\/entretormentas.com\/index.php?rest_route=\/wp\/v2\/posts\/11661\/revisions"}],"predecessor-version":[{"id":11663,"href":"https:\/\/entretormentas.com\/index.php?rest_route=\/wp\/v2\/posts\/11661\/revisions\/11663"}],"wp:featuredmedia":[{"embeddable":true,"href":"https:\/\/entretormentas.com\/index.php?rest_route=\/wp\/v2\/media\/11662"}],"wp:attachment":[{"href":"https:\/\/entretormentas.com\/index.php?rest_route=%2Fwp%2Fv2%2Fmedia&parent=11661"}],"wp:term":[{"taxonomy":"category","embeddable":true,"href":"https:\/\/entretormentas.com\/index.php?rest_route=%2Fwp%2Fv2%2Fcategories&post=11661"},{"taxonomy":"post_tag","embeddable":true,"href":"https:\/\/entretormentas.com\/index.php?rest_route=%2Fwp%2Fv2%2Ftags&post=11661"}],"curies":[{"name":"wp","href":"https:\/\/api.w.org\/{rel}","templated":true}]}}