{"id":11664,"date":"2024-12-20T08:55:35","date_gmt":"2024-12-20T07:55:35","guid":{"rendered":"https:\/\/entretormentas.com\/?p=11664"},"modified":"2024-12-20T08:55:36","modified_gmt":"2024-12-20T07:55:36","slug":"polemica-cabello-tilda-de-fascista-a-patricia-bullrich-por-caso-de-gendarme-argentino","status":"publish","type":"post","link":"https:\/\/entretormentas.com\/polemica-cabello-tilda-de-fascista-a-patricia-bullrich-por-caso-de-gendarme-argentino\/","title":{"rendered":"\u00a1POL\u00c9MICA! Cabello tilda de fascista a Patricia Bullrich por caso de gendarme argentino"},"content":{"rendered":"\n<p><strong>ENTRE TORMENTAS. <\/strong>El ministro de Interior y justicia, Diosdado Cabello, llam\u00f3 \u00abfascista\u00bb y \u00abenferma de odio\u00bb a la titular de la cartera de Seguridad de Argentina, Patricia Bullrich, quien exigi\u00f3 la semana pasada al Gobierno de Nicol\u00e1s Maduro la liberaci\u00f3n de un gendarme argentino detenido en Venezuela.<\/p>\n\n\n\n<p>\u00abEs una fascista, una fascista, una enferma, enferma de odio\u00bb, expres\u00f3 Cabello, que rechaz\u00f3 la versi\u00f3n del Gobierno argentino sobre un viaje de visita del gendarme Nahuel Gallo a su pareja, de nacionalidad venezolana, y a su hijo.<\/p>\n\n\n\n<p>El funcionario dijo que, en cambio, se trata de un \u00abplan terrorista\u00bb contra Venezuela con la participaci\u00f3n de \u00abmercenarios extranjeros\u00bb.<\/p>\n\n\n\n<p>Adem\u00e1s, seg\u00fan Cabello, las autoridades hallaron \u00abm\u00e1s de 470 fusiles\u00bb con los que se pretend\u00eda \u00abcausar muertes\u00bb en el pa\u00eds caribe\u00f1o, que vive una crisis pol\u00edtica tras los comicios de julio, en los que el presidente Nicol\u00e1s Maduro fue proclamado ganador por el ente electoral, un resultado se\u00f1alado como fraudulento por la oposici\u00f3n mayoritaria y cuestionado por buena parte de la comunidad internacional.<\/p>\n\n\n\n<p>El martes, el Gobierno dijo que el gendarme, detenido el 8 de diciembre, est\u00e1 siendo procesado por supuestos \u00abplanes terroristas\u00bb que \u00abcomprometen\u00bb asegur\u00f3- al mandatario argentino, Javier Milei, y a Bullrich.<br><strong><em>ET \/ EFE<\/em><\/strong><\/p>\n","protected":false},"excerpt":{"rendered":"<p>ENTRE TORMENTAS. El ministro de Interior y justicia, Diosdado Cabello, llam\u00f3 \u00abfascista\u00bb y \u00abenferma de&#8230;<\/p>\n","protected":false},"author":2,"featured_media":11665,"comment_status":"closed","ping_status":"open","sticky":false,"template":"","format":"standard","meta":{"footnotes":""},"categories":[56,49],"tags":[],"class_list":["post-11664","post","type-post","status-publish","format-standard","has-post-thumbnail","hentry","category-destacadas","category-nacionales"],"_links":{"self":[{"href":"https:\/\/entretormentas.com\/index.php?rest_route=\/wp\/v2\/posts\/11664","targetHints":{"allow":["GET"]}}],"collection":[{"href":"https:\/\/entretormentas.com\/index.php?rest_route=\/wp\/v2\/posts"}],"about":[{"href":"https:\/\/entretormentas.com\/index.php?rest_route=\/wp\/v2\/types\/post"}],"author":[{"embeddable":true,"href":"https:\/\/entretormentas.com\/index.php?rest_route=\/wp\/v2\/users\/2"}],"replies":[{"embeddable":true,"href":"https:\/\/entretormentas.com\/index.php?rest_route=%2Fwp%2Fv2%2Fcomments&post=11664"}],"version-history":[{"count":1,"href":"https:\/\/entretormentas.com\/index.php?rest_route=\/wp\/v2\/posts\/11664\/revisions"}],"predecessor-version":[{"id":11666,"href":"https:\/\/entretormentas.com\/index.php?rest_route=\/wp\/v2\/posts\/11664\/revisions\/11666"}],"wp:featuredmedia":[{"embeddable":true,"href":"https:\/\/entretormentas.com\/index.php?rest_route=\/wp\/v2\/media\/11665"}],"wp:attachment":[{"href":"https:\/\/entretormentas.com\/index.php?rest_route=%2Fwp%2Fv2%2Fmedia&parent=11664"}],"wp:term":[{"taxonomy":"category","embeddable":true,"href":"https:\/\/entretormentas.com\/index.php?rest_route=%2Fwp%2Fv2%2Fcategories&post=11664"},{"taxonomy":"post_tag","embeddable":true,"href":"https:\/\/entretormentas.com\/index.php?rest_route=%2Fwp%2Fv2%2Ftags&post=11664"}],"curies":[{"name":"wp","href":"https:\/\/api.w.org\/{rel}","templated":true}]}}