{"id":11667,"date":"2024-12-20T08:57:55","date_gmt":"2024-12-20T07:57:55","guid":{"rendered":"https:\/\/entretormentas.com\/?p=11667"},"modified":"2024-12-20T08:57:56","modified_gmt":"2024-12-20T07:57:56","slug":"segun-foro-penal-quedan-mil-877-presos-politicos-tras-recientes-liberaciones","status":"publish","type":"post","link":"https:\/\/entretormentas.com\/segun-foro-penal-quedan-mil-877-presos-politicos-tras-recientes-liberaciones\/","title":{"rendered":"\u00a1SEG\u00daN FORO PENAL! Quedan mil 877 \u00abpresos pol\u00edticos\u00bb tras recientes liberaciones"},"content":{"rendered":"\n<p><strong>ENTRE TORMENTAS. <\/strong>La ONG Foro Penal, que lidera la defensa de las personas que considera est\u00e1n detenidas por razones de conciencia en Venezuela, inform\u00f3 este mi\u00e9rcoles que quedan en el pa\u00eds, tras las liberaciones de las \u00faltimas semanas, mil 877 \u00abpresos pol\u00edticos\u00bb, 28 menos que en su \u00faltimo reporte, cuando comput\u00f3 mil 905.<\/p>\n\n\n\n<p>A trav\u00e9s de X, la organizaci\u00f3n detall\u00f3 que, del total de encarcelados, mil 642 son hombres y 235 mujeres, de los cuales mil 715 son civiles y 162 militares de distintos cuerpos de la Fuerza Armada Nacional Bolivariana (FANB).<\/p>\n\n\n\n<p>Foro Penal registra, actualmente, mil 871 adultos y seis adolescentes de entre 14 y 17 a\u00f1os \u00abpresos pol\u00edticos\u00bb, la mayor\u00eda arrestados en el contexto de las protestas contra el resultado oficial de las presidenciales del 28 de julio, en las que el Consejo Nacional Electoral (CNE) dio la reelecci\u00f3n a Nicol\u00e1s Maduro.<br><strong><em>ET \/ Agencias<\/em><\/strong><\/p>\n","protected":false},"excerpt":{"rendered":"<p>ENTRE TORMENTAS. La ONG Foro Penal, que lidera la defensa de las personas que considera&#8230;<\/p>\n","protected":false},"author":2,"featured_media":11668,"comment_status":"closed","ping_status":"open","sticky":false,"template":"","format":"standard","meta":{"footnotes":""},"categories":[56,49],"tags":[],"class_list":["post-11667","post","type-post","status-publish","format-standard","has-post-thumbnail","hentry","category-destacadas","category-nacionales"],"_links":{"self":[{"href":"https:\/\/entretormentas.com\/index.php?rest_route=\/wp\/v2\/posts\/11667","targetHints":{"allow":["GET"]}}],"collection":[{"href":"https:\/\/entretormentas.com\/index.php?rest_route=\/wp\/v2\/posts"}],"about":[{"href":"https:\/\/entretormentas.com\/index.php?rest_route=\/wp\/v2\/types\/post"}],"author":[{"embeddable":true,"href":"https:\/\/entretormentas.com\/index.php?rest_route=\/wp\/v2\/users\/2"}],"replies":[{"embeddable":true,"href":"https:\/\/entretormentas.com\/index.php?rest_route=%2Fwp%2Fv2%2Fcomments&post=11667"}],"version-history":[{"count":1,"href":"https:\/\/entretormentas.com\/index.php?rest_route=\/wp\/v2\/posts\/11667\/revisions"}],"predecessor-version":[{"id":11669,"href":"https:\/\/entretormentas.com\/index.php?rest_route=\/wp\/v2\/posts\/11667\/revisions\/11669"}],"wp:featuredmedia":[{"embeddable":true,"href":"https:\/\/entretormentas.com\/index.php?rest_route=\/wp\/v2\/media\/11668"}],"wp:attachment":[{"href":"https:\/\/entretormentas.com\/index.php?rest_route=%2Fwp%2Fv2%2Fmedia&parent=11667"}],"wp:term":[{"taxonomy":"category","embeddable":true,"href":"https:\/\/entretormentas.com\/index.php?rest_route=%2Fwp%2Fv2%2Fcategories&post=11667"},{"taxonomy":"post_tag","embeddable":true,"href":"https:\/\/entretormentas.com\/index.php?rest_route=%2Fwp%2Fv2%2Ftags&post=11667"}],"curies":[{"name":"wp","href":"https:\/\/api.w.org\/{rel}","templated":true}]}}