{"id":11670,"date":"2024-12-20T09:00:57","date_gmt":"2024-12-20T08:00:57","guid":{"rendered":"https:\/\/entretormentas.com\/?p=11670"},"modified":"2024-12-20T09:00:57","modified_gmt":"2024-12-20T08:00:57","slug":"posicion-oficial-delcy-rodriguez-anuncia-preparativos-para-la-juramentacion-de-maduro","status":"publish","type":"post","link":"https:\/\/entretormentas.com\/posicion-oficial-delcy-rodriguez-anuncia-preparativos-para-la-juramentacion-de-maduro\/","title":{"rendered":"\u00a1POSICI\u00d3N OFICIAL! Delcy Rodr\u00edguez anuncia preparativos para la juramentaci\u00f3n de Maduro"},"content":{"rendered":"\n<p><strong>ENTRE TORMENTAS. <\/strong>El mandatario fue proclamado ganador de los comicios de julio por el Consejo Nacional Electoral (CNE), aunque todav\u00eda no se publican los resultados desglosados.<\/p>\n\n\n\n<p>La vicepresidenta, Delcy Rodr\u00edguez, anunci\u00f3 que las autoridades venezolanas est\u00e1n trabajando en los preparativos para la juramentaci\u00f3n de Nicol\u00e1s Maduro el pr\u00f3ximo 10 de enero.<\/p>\n\n\n\n<p>A trav\u00e9s de un video compartido en Telegram, Rodr\u00edguez asegur\u00f3 que ese d\u00eda ser\u00e1 de celebraci\u00f3n para todo el pueblo venezolano, pero no dio detalles sobre las actividades pautadas.<\/p>\n\n\n\n<p>\u00abEl pr\u00f3ximo 10 de enero, a\u00f1o 2025, ser\u00e1 de celebraci\u00f3n de Venezuela y de fiesta nacional con todas las actividades que estar\u00e1n involucradas para que el pueblo de Venezuela se sienta realmente conmemorado en lo que fue su gesta hist\u00f3rica del 28 de julio\u00bb, dijo la funcionaria.<\/p>\n\n\n\n<p>Resalt\u00f3 que para la fecha se sellar\u00e1 \u00abuna p\u00e1gina m\u00e1s de nuestra historia en la defensa colectiva de nuestro pa\u00eds\u00bb.<\/p>\n\n\n\n<p>\u00abCelebraremos el triunfo de la paz sobre el fascismo, expresada en las elecciones del 28 de julio de este a\u00f1o, para garantizar la soberan\u00eda y el derecho sagrado a la autodeterminaci\u00f3n de nuestro pueblo\u00bb, subray\u00f3.<br><strong><em>ET \/ Agencias<\/em><\/strong><\/p>\n","protected":false},"excerpt":{"rendered":"<p>ENTRE TORMENTAS. El mandatario fue proclamado ganador de los comicios de julio por el Consejo&#8230;<\/p>\n","protected":false},"author":2,"featured_media":11671,"comment_status":"closed","ping_status":"open","sticky":false,"template":"","format":"standard","meta":{"footnotes":""},"categories":[56,49],"tags":[],"class_list":["post-11670","post","type-post","status-publish","format-standard","has-post-thumbnail","hentry","category-destacadas","category-nacionales"],"_links":{"self":[{"href":"https:\/\/entretormentas.com\/index.php?rest_route=\/wp\/v2\/posts\/11670","targetHints":{"allow":["GET"]}}],"collection":[{"href":"https:\/\/entretormentas.com\/index.php?rest_route=\/wp\/v2\/posts"}],"about":[{"href":"https:\/\/entretormentas.com\/index.php?rest_route=\/wp\/v2\/types\/post"}],"author":[{"embeddable":true,"href":"https:\/\/entretormentas.com\/index.php?rest_route=\/wp\/v2\/users\/2"}],"replies":[{"embeddable":true,"href":"https:\/\/entretormentas.com\/index.php?rest_route=%2Fwp%2Fv2%2Fcomments&post=11670"}],"version-history":[{"count":1,"href":"https:\/\/entretormentas.com\/index.php?rest_route=\/wp\/v2\/posts\/11670\/revisions"}],"predecessor-version":[{"id":11672,"href":"https:\/\/entretormentas.com\/index.php?rest_route=\/wp\/v2\/posts\/11670\/revisions\/11672"}],"wp:featuredmedia":[{"embeddable":true,"href":"https:\/\/entretormentas.com\/index.php?rest_route=\/wp\/v2\/media\/11671"}],"wp:attachment":[{"href":"https:\/\/entretormentas.com\/index.php?rest_route=%2Fwp%2Fv2%2Fmedia&parent=11670"}],"wp:term":[{"taxonomy":"category","embeddable":true,"href":"https:\/\/entretormentas.com\/index.php?rest_route=%2Fwp%2Fv2%2Fcategories&post=11670"},{"taxonomy":"post_tag","embeddable":true,"href":"https:\/\/entretormentas.com\/index.php?rest_route=%2Fwp%2Fv2%2Ftags&post=11670"}],"curies":[{"name":"wp","href":"https:\/\/api.w.org\/{rel}","templated":true}]}}