{"id":11679,"date":"2024-12-21T16:04:33","date_gmt":"2024-12-21T15:04:33","guid":{"rendered":"https:\/\/entretormentas.com\/?p=11679"},"modified":"2024-12-21T16:04:34","modified_gmt":"2024-12-21T15:04:34","slug":"musical-la-estrella-de-belen-brillara-en-el-oeste-de-maracaibo-durante-el-pesebre-viviente-2024","status":"publish","type":"post","link":"https:\/\/entretormentas.com\/musical-la-estrella-de-belen-brillara-en-el-oeste-de-maracaibo-durante-el-pesebre-viviente-2024\/","title":{"rendered":"\u00a1MUSICAL! La estrella de Bel\u00e9n brillar\u00e1 en el oeste de Maracaibo durante el Pesebre Viviente 2024"},"content":{"rendered":"\n<p><strong>ENTRE TORMENTAS. <\/strong>La estrella de la Navidad brillar\u00e1 nuevamente este s\u00e1bado, 21 de diciembre, en el oeste de Maracaibo, durante la presentaci\u00f3n del Pesebre Viviente 2024, un musical que realiza por tercer a\u00f1o consecutivo el Grupo Infantil-Juvenil Bel\u00e9n en la Iglesia La Resurrecci\u00f3n del Se\u00f1or.<\/p>\n\n\n\n<p>Esta vez, unos 50 j\u00f3venes y ni\u00f1os har\u00e1n un recorrido por lo que fue el nacimiento de Hijo de Dios a trav\u00e9s de una puesta en escena actual llena de color, m\u00fasica y bajo la narraci\u00f3n de la propia \u201cVirgen Mar\u00eda\u201d, quien contar\u00e1 sus vivencias y algunas an\u00e9cdotas desde la elocuencia y la reflexi\u00f3n.<\/p>\n\n\n\n<p>As\u00ed lo describi\u00f3 el periodista Robert Ar\u00e1mbulo, coordinador del grupo, quien enfatiz\u00f3 que en este 2024 es un pesebre especial con elementos interactivos, tecnol\u00f3gicos y una variedad de g\u00e9neros musicales que permitir\u00e1n a los asistentes viajar al pasado en al menos una hora.<\/p>\n\n\n\n<p>Espec\u00edficamente, el pesebre iniciar\u00e1 a las 7:00 p.m. en el templo ubicado en el barrio Libertador, entre avenida 93 C con calle 79 J, frente al Preescolar Tilingo Tilingo.<\/p>\n\n\n\n<p>\u201cTres a\u00f1os atr\u00e1s, la obra inici\u00f3 como una prueba piloto que dio como fruto un grupo que se ha consolidado por los dones, talentos y ganas de servicio que tienen los chamos de la parroquia y el barrio. Ellos han hecho que este pesebre sea \u00fanico y cercano a sus tiempos; ver\u00e1n una variedad entre cada escena. Desde el humor hasta lo sentimental. La tradici\u00f3n y las situaciones actuales. Como un baile lit\u00fargico, reggaet\u00f3n, salsa, aguinaldo, entre otros\u201d, describi\u00f3 el comunicador.<\/p>\n\n\n\n<p>Esta variedad esc\u00e9nica tambi\u00e9n la resalt\u00f3 Arianna Ram\u00edrez, coordinadora y m\u00fasico de Bel\u00e9n, al precisar que la producci\u00f3n del Pesebre Viviente ha crecido notoriamente en cuanto a muchos factores.<\/p>\n\n\n\n<p>\u201cPor ejemplo: en esta edici\u00f3n tendremos m\u00fasica in\u00e9dita de nuestra autor\u00eda. Hecha por j\u00f3venes, para j\u00f3venes, pensada para ellos y en pro de su crecimiento espiritual. Es as\u00ed como seguimos evangelizando a trav\u00e9s de las artes, del canto, el teatro y la danza; elementos que atraen a la familia zuliana que busca de la salvaci\u00f3n de Dios\u201d, dijo la tambi\u00e9n docente.<\/p>\n\n\n\n<p>Ram\u00edrez destac\u00f3 que el Grupo Infantil-Juvenil ha causado un impacto positivo en la comunidad. \u201cMe siento orgullosa, de los ni\u00f1os y j\u00f3venes que han transformado sus vidas al cambiar la calle por Iglesia, dejando el exceso de tecnolog\u00eda por oraci\u00f3n y la formaci\u00f3n cristiana. Esto enriquece a la familia, ya que nuestros j\u00f3venes se convierten en agentes multiplicadores de la fe e integridad en nuestra comunidad\u201d, refiri\u00f3.<\/p>\n\n\n\n<p>Ar\u00e1mbulo y Ram\u00edrez extendieron la invitaci\u00f3n a la colectividad para que acompa\u00f1en a la muchachada a celebrar \u201cel verdadero sentido de la Navidad\u201d y a unos j\u00f3venes que apuestan por la cultura religiosa de la ciudad. El pesebre tambi\u00e9n ser\u00e1 trasmitido en vivo a trav\u00e9s de la cuenta de Instagram @belenmcbo.<br><strong><em>ET \/ Nota de Prensa<\/em><\/strong><\/p>\n\n\n\n<p><\/p>\n","protected":false},"excerpt":{"rendered":"<p>ENTRE TORMENTAS. La estrella de la Navidad brillar\u00e1 nuevamente este s\u00e1bado, 21 de diciembre, en&#8230;<\/p>\n","protected":false},"author":2,"featured_media":11680,"comment_status":"closed","ping_status":"open","sticky":false,"template":"","format":"standard","meta":{"footnotes":""},"categories":[1],"tags":[],"class_list":["post-11679","post","type-post","status-publish","format-standard","has-post-thumbnail","hentry","category-regionales"],"_links":{"self":[{"href":"https:\/\/entretormentas.com\/index.php?rest_route=\/wp\/v2\/posts\/11679","targetHints":{"allow":["GET"]}}],"collection":[{"href":"https:\/\/entretormentas.com\/index.php?rest_route=\/wp\/v2\/posts"}],"about":[{"href":"https:\/\/entretormentas.com\/index.php?rest_route=\/wp\/v2\/types\/post"}],"author":[{"embeddable":true,"href":"https:\/\/entretormentas.com\/index.php?rest_route=\/wp\/v2\/users\/2"}],"replies":[{"embeddable":true,"href":"https:\/\/entretormentas.com\/index.php?rest_route=%2Fwp%2Fv2%2Fcomments&post=11679"}],"version-history":[{"count":1,"href":"https:\/\/entretormentas.com\/index.php?rest_route=\/wp\/v2\/posts\/11679\/revisions"}],"predecessor-version":[{"id":11681,"href":"https:\/\/entretormentas.com\/index.php?rest_route=\/wp\/v2\/posts\/11679\/revisions\/11681"}],"wp:featuredmedia":[{"embeddable":true,"href":"https:\/\/entretormentas.com\/index.php?rest_route=\/wp\/v2\/media\/11680"}],"wp:attachment":[{"href":"https:\/\/entretormentas.com\/index.php?rest_route=%2Fwp%2Fv2%2Fmedia&parent=11679"}],"wp:term":[{"taxonomy":"category","embeddable":true,"href":"https:\/\/entretormentas.com\/index.php?rest_route=%2Fwp%2Fv2%2Fcategories&post=11679"},{"taxonomy":"post_tag","embeddable":true,"href":"https:\/\/entretormentas.com\/index.php?rest_route=%2Fwp%2Fv2%2Ftags&post=11679"}],"curies":[{"name":"wp","href":"https:\/\/api.w.org\/{rel}","templated":true}]}}