{"id":11693,"date":"2024-12-21T16:17:19","date_gmt":"2024-12-21T15:17:19","guid":{"rendered":"https:\/\/entretormentas.com\/?p=11693"},"modified":"2024-12-21T16:17:19","modified_gmt":"2024-12-21T15:17:19","slug":"compartir-de-fe-realizan-almuerzo-navideno-para-los-abuelos-en-el-comedor-de-la-basilica-de-la-chinita","status":"publish","type":"post","link":"https:\/\/entretormentas.com\/compartir-de-fe-realizan-almuerzo-navideno-para-los-abuelos-en-el-comedor-de-la-basilica-de-la-chinita\/","title":{"rendered":"\u00a1COMPARTIR DE FE! Realizan almuerzo navide\u00f1o para los abuelos en el comedor de la Bas\u00edlica de la Chinita"},"content":{"rendered":"\n<p><strong>ENTRE TORMENTAS. <\/strong>En este sexto d\u00eda de la novena de aguinaldos, en la parroquia San Juan de Dios y Chiquinquir\u00e1, se tuvo la bendici\u00f3n de celebrar un almuerzo navide\u00f1o especial para los abuelos que d\u00eda a d\u00eda comparten su vida en el comedor de la emblem\u00e1tica Bas\u00edlica de Nuestra Se\u00f1ora de Chiquinquir\u00e1. Fue una jornada llena de amor, donde cada plato servido fue un recordatorio de la esperanza del ni\u00f1o Dios que pronto nacer\u00e1.<\/p>\n\n\n\n<figure class=\"wp-block-image size-large\"><img fetchpriority=\"high\" decoding=\"async\" width=\"1024\" height=\"1024\" src=\"https:\/\/entretormentas.com\/wp-content\/uploads\/2024\/12\/image-480-1024x1024.png\" alt=\"\" class=\"wp-image-11696\" srcset=\"https:\/\/entretormentas.com\/wp-content\/uploads\/2024\/12\/image-480-1024x1024.png 1024w, https:\/\/entretormentas.com\/wp-content\/uploads\/2024\/12\/image-480-300x300.png 300w, https:\/\/entretormentas.com\/wp-content\/uploads\/2024\/12\/image-480-150x150.png 150w, https:\/\/entretormentas.com\/wp-content\/uploads\/2024\/12\/image-480-768x768.png 768w, https:\/\/entretormentas.com\/wp-content\/uploads\/2024\/12\/image-480.png 1080w\" sizes=\"(max-width: 1024px) 100vw, 1024px\" \/><\/figure>\n\n\n\n<p>En un ambiente de fraternidad y alegr\u00eda, se realiz\u00f3 un compartir no s\u00f3lo la comida, sino tambi\u00e9n palabras de reflexi\u00f3n con el padre y pastor, Mons. Jos\u00e9 Luis Azuaje Ayala, arzobispo de Maracaibo, junto al p\u00e1rroco rector, Pbro. Nedward Andrade.<\/p>\n\n\n\n<p>Ambos recordaron que cada uno de los abuelos \u00abes un tesoro invaluable, portadores de sabidur\u00eda y experiencias que enriquecen nuestras vidas\u00bb, reza un escrito en las redes sociales de la Bas\u00edlica Santuario. \u00abEn esta \u00e9poca del a\u00f1o, es fundamental reconocer y agradecer por su presencia entre nosotros\u00bb.<\/p>\n\n\n\n<figure class=\"wp-block-image size-large\"><img decoding=\"async\" width=\"1024\" height=\"1024\" src=\"https:\/\/entretormentas.com\/wp-content\/uploads\/2024\/12\/image-479-1024x1024.png\" alt=\"\" class=\"wp-image-11695\" srcset=\"https:\/\/entretormentas.com\/wp-content\/uploads\/2024\/12\/image-479-1024x1024.png 1024w, https:\/\/entretormentas.com\/wp-content\/uploads\/2024\/12\/image-479-300x300.png 300w, https:\/\/entretormentas.com\/wp-content\/uploads\/2024\/12\/image-479-150x150.png 150w, https:\/\/entretormentas.com\/wp-content\/uploads\/2024\/12\/image-479-768x768.png 768w, https:\/\/entretormentas.com\/wp-content\/uploads\/2024\/12\/image-479.png 1080w\" sizes=\"(max-width: 1024px) 100vw, 1024px\" \/><\/figure>\n\n\n\n<p>\u00abQue el amor del ni\u00f1o Jes\u00fas inspire a seguir sirviendo y cuidando a quienes m\u00e1s lo necesitan. Que esta Navidad llene sus corazones de esperanza y paz, y que juntos sigamos construyendo un hogar donde todos se sientan valorados y amados\u00bb, concluye el mensaje en redes sociales.<br><strong><em>ET \/ Prensa Bas\u00edlica de Chiquinquir\u00e1<\/em><\/strong><\/p>\n","protected":false},"excerpt":{"rendered":"<p>ENTRE TORMENTAS. En este sexto d\u00eda de la novena de aguinaldos, en la parroquia San&#8230;<\/p>\n","protected":false},"author":2,"featured_media":11694,"comment_status":"closed","ping_status":"open","sticky":false,"template":"","format":"standard","meta":{"footnotes":""},"categories":[57,1],"tags":[],"class_list":["post-11693","post","type-post","status-publish","format-standard","has-post-thumbnail","hentry","category-actualidad","category-regionales"],"_links":{"self":[{"href":"https:\/\/entretormentas.com\/index.php?rest_route=\/wp\/v2\/posts\/11693","targetHints":{"allow":["GET"]}}],"collection":[{"href":"https:\/\/entretormentas.com\/index.php?rest_route=\/wp\/v2\/posts"}],"about":[{"href":"https:\/\/entretormentas.com\/index.php?rest_route=\/wp\/v2\/types\/post"}],"author":[{"embeddable":true,"href":"https:\/\/entretormentas.com\/index.php?rest_route=\/wp\/v2\/users\/2"}],"replies":[{"embeddable":true,"href":"https:\/\/entretormentas.com\/index.php?rest_route=%2Fwp%2Fv2%2Fcomments&post=11693"}],"version-history":[{"count":1,"href":"https:\/\/entretormentas.com\/index.php?rest_route=\/wp\/v2\/posts\/11693\/revisions"}],"predecessor-version":[{"id":11697,"href":"https:\/\/entretormentas.com\/index.php?rest_route=\/wp\/v2\/posts\/11693\/revisions\/11697"}],"wp:featuredmedia":[{"embeddable":true,"href":"https:\/\/entretormentas.com\/index.php?rest_route=\/wp\/v2\/media\/11694"}],"wp:attachment":[{"href":"https:\/\/entretormentas.com\/index.php?rest_route=%2Fwp%2Fv2%2Fmedia&parent=11693"}],"wp:term":[{"taxonomy":"category","embeddable":true,"href":"https:\/\/entretormentas.com\/index.php?rest_route=%2Fwp%2Fv2%2Fcategories&post=11693"},{"taxonomy":"post_tag","embeddable":true,"href":"https:\/\/entretormentas.com\/index.php?rest_route=%2Fwp%2Fv2%2Ftags&post=11693"}],"curies":[{"name":"wp","href":"https:\/\/api.w.org\/{rel}","templated":true}]}}