{"id":11704,"date":"2024-12-21T16:23:50","date_gmt":"2024-12-21T15:23:50","guid":{"rendered":"https:\/\/entretormentas.com\/?p=11704"},"modified":"2024-12-21T16:23:50","modified_gmt":"2024-12-21T15:23:50","slug":"van-733-fiscal-saab-confirma-200-nuevas-excarcelaciones-tras-protestas-poselectorales","status":"publish","type":"post","link":"https:\/\/entretormentas.com\/van-733-fiscal-saab-confirma-200-nuevas-excarcelaciones-tras-protestas-poselectorales\/","title":{"rendered":"\u00a1VAN 733! Fiscal Saab confirma 200 nuevas excarcelaciones tras protestas poselectorales"},"content":{"rendered":"\n<p><strong>ENTRE TORMENTAS. <\/strong>Este viernes, el Ministerio P\u00fablico anunci\u00f3 la excarcelaci\u00f3n de 200 detenidos involucrados en las protestas poselectorales de la presidencial del pasado 28 de julio.<\/p>\n\n\n\n<p>A trav\u00e9s de sus redes sociales, el ente explic\u00f3 que entre los d\u00edas 19 y 20 de diciembre fueron solicitadas y acordadas por el Poder Judicial las revisiones de medidas procesales.<\/p>\n\n\n\n<p>Asimismo, se\u00f1al\u00f3 que estas excarcelaciones alcanzan la cifra de 733 medidas solicitadas y acordadas previamente, realizadas en el marco del debido proceso garantizado por la Constituci\u00f3n de la Rep\u00fablica.<\/p>\n\n\n\n<p>\u00abEl Ministerio P\u00fablico, de manera coordinada e inspirado en el principio de colaboraci\u00f3n entre poderes p\u00fablicos previsto en el art\u00edculo 136 constitucional, continuar\u00e1 el proceso de revisi\u00f3n exhaustiva de estos casos en las pr\u00f3ximas horas, en defensa de la Paz, la Justicia y los Derechos Humanos\u00bb, se\u00f1ala el comunicado.<br><strong><em>ET \/ Agencias<\/em><\/strong><\/p>\n","protected":false},"excerpt":{"rendered":"<p>ENTRE TORMENTAS. Este viernes, el Ministerio P\u00fablico anunci\u00f3 la excarcelaci\u00f3n de 200 detenidos involucrados en&#8230;<\/p>\n","protected":false},"author":2,"featured_media":11705,"comment_status":"closed","ping_status":"open","sticky":false,"template":"","format":"standard","meta":{"footnotes":""},"categories":[56,49],"tags":[],"class_list":["post-11704","post","type-post","status-publish","format-standard","has-post-thumbnail","hentry","category-destacadas","category-nacionales"],"_links":{"self":[{"href":"https:\/\/entretormentas.com\/index.php?rest_route=\/wp\/v2\/posts\/11704","targetHints":{"allow":["GET"]}}],"collection":[{"href":"https:\/\/entretormentas.com\/index.php?rest_route=\/wp\/v2\/posts"}],"about":[{"href":"https:\/\/entretormentas.com\/index.php?rest_route=\/wp\/v2\/types\/post"}],"author":[{"embeddable":true,"href":"https:\/\/entretormentas.com\/index.php?rest_route=\/wp\/v2\/users\/2"}],"replies":[{"embeddable":true,"href":"https:\/\/entretormentas.com\/index.php?rest_route=%2Fwp%2Fv2%2Fcomments&post=11704"}],"version-history":[{"count":1,"href":"https:\/\/entretormentas.com\/index.php?rest_route=\/wp\/v2\/posts\/11704\/revisions"}],"predecessor-version":[{"id":11706,"href":"https:\/\/entretormentas.com\/index.php?rest_route=\/wp\/v2\/posts\/11704\/revisions\/11706"}],"wp:featuredmedia":[{"embeddable":true,"href":"https:\/\/entretormentas.com\/index.php?rest_route=\/wp\/v2\/media\/11705"}],"wp:attachment":[{"href":"https:\/\/entretormentas.com\/index.php?rest_route=%2Fwp%2Fv2%2Fmedia&parent=11704"}],"wp:term":[{"taxonomy":"category","embeddable":true,"href":"https:\/\/entretormentas.com\/index.php?rest_route=%2Fwp%2Fv2%2Fcategories&post=11704"},{"taxonomy":"post_tag","embeddable":true,"href":"https:\/\/entretormentas.com\/index.php?rest_route=%2Fwp%2Fv2%2Ftags&post=11704"}],"curies":[{"name":"wp","href":"https:\/\/api.w.org\/{rel}","templated":true}]}}